{"id":45903,"date":"2024-09-16T14:27:19","date_gmt":"2024-09-16T12:27:19","guid":{"rendered":"https:\/\/iuzb.de\/?p=45903"},"modified":"2025-12-30T12:54:28","modified_gmt":"2025-12-30T11:54:28","slug":"land-berlin-gesund-beginnt-im-mund-von-anfang-an","status":"publish","type":"post","link":"https:\/\/iuzb.de\/?p=45903","title":{"rendered":"Land Berlin: \u201eGesund beginnt im Mund \u2013 von Anfang an!&#8220;"},"content":{"rendered":"<p><span style=\"text-decoration: underline; font-family: arial, helvetica, sans-serif; font-size: 12pt;\"><strong>Gro\u00dfer Aktionstag f\u00fcr Berliner Schulkinder in der Charit\u00e9-Zahnklinik<\/strong><\/span><\/p>\n<p style=\"text-align: justify;\"><span style=\"font-family: arial, helvetica, sans-serif; font-size: 12pt;\">Am Freitag, den 20.09.2024, findet in der Charit\u00e9-Zahnklinik in Berlin-Wilmersdorf ein gro\u00dfer Aktionstag f\u00fcr Berliner Grundschulkinder zum Tag der Zahngesundheit statt. <strong>Die Veranstaltung ist bereits seit Wochen ausgebucht.<\/strong><\/span><\/p>\n<p style=\"text-align: justify;\"><span style=\"font-family: arial, helvetica, sans-serif; font-size: 12pt;\">Senatorin Dr. Ina Czyborra, Senatsverwaltung f\u00fcr Wissenschaft, Gesundheit und Pflege, begr\u00fc\u00dft um 9 Uhr die \u00fcber 200 Sch\u00fclerinnen und Sch\u00fcler im gro\u00dfen H\u00f6rsaal 1. Im Rahmen einer Sch\u00fcler-Uni soll das Thema Mundgesundheit gem\u00e4\u00df dem diesj\u00e4hrigen<\/span><\/p>\n<p style=\"text-align: justify;\"><span style=\"font-family: arial, helvetica, sans-serif; font-size: 12pt;\">Motto: <strong><span style=\"color: #ff0000;\">\u201eGesund beginnt im Mund \u2013 von Anfang an!&#8220;<\/span> <\/strong><\/span><\/p>\n<p style=\"text-align: justify;\"><span style=\"font-family: arial, helvetica, sans-serif; font-size: 12pt;\">spielerisch und altersgerecht in das Bewusstsein der Kinder gebracht werden. Auf dem Marktplatz Mundgesundheit k\u00f6nnen sich Kinder, Lehrerinnen, Lehrer und begleitende Erwachsene umfassend informieren und in einem der vielen Aktionsbereiche viel Spa\u00df rund um das Thema Mundgesundheit haben. Der Tag m\u00f6chte Begeisterung f\u00fcr gesunde Z\u00e4hne wecken.<\/span><\/p>\n<p style=\"text-align: justify;\"><span style=\"font-family: arial, helvetica, sans-serif; font-size: 12pt;\">Veranstalter sind die Zahn\u00e4rztekammer Berlin und die Charit\u00e9 \u2013 Universit\u00e4tsmedizin Berlin, in Zusammenarbeit mit der Landesarbeitsgemeinschaft Berlin zur Verh\u00fctung von Zahnerkrankungen e. V. (LAG), den Zahn\u00e4rztlichen Diensten der Berliner Bezirke und der Mitteldeutschen Zahntechnikerinnung.<\/span><\/p>\n<p><span style=\"font-family: arial, helvetica, sans-serif; font-size: 12pt;\">Quelle: Zahn\u00e4rztekammer Berlin, Presseank\u00fcndigung vom 16.09.2024<\/span><\/p>\n<p>&nbsp;<\/p>\n<p><span style=\"font-family: arial, helvetica, sans-serif; font-size: 12pt;\">&#8212;&#8211;<\/span><\/p>\n<p><span style=\"font-family: arial, helvetica, sans-serif; font-size: 12pt;\">Z\u00c4K Berlin:<\/span><\/p>\n<ul>\n<li><span style=\"font-family: arial, helvetica, sans-serif; font-size: 12pt;\"><a href=\"https:\/\/www.zaek-berlin.de\/presse\/presseinformationen\/presseinformationen-detail\/article\/erfolgreicher-kinder-aktionstag-von-zahnaerztekammer-berlin-und-charite-zahnklinik.html\" target=\"_blank\" rel=\"noopener\">Erfolgreicher Kinder-Aktionstag von Zahn\u00e4rztekammer Berlin und Charit\u00e9-Zahnklinik&nbsp; &#8211; Tag der Zahngesundheit am 20.09.2024: <\/a><\/span><br \/>\n<span style=\"font-family: arial, helvetica, sans-serif; font-size: 12pt;\">\u201eGesund beginnt im Mund \u2013 von Anfang an!\u201c<\/span><\/li>\n<\/ul>\n<p>&nbsp;<\/p>\n<p>&nbsp;<\/p>\n","protected":false},"excerpt":{"rendered":"<p>Gro\u00dfer Aktionstag f\u00fcr Berliner Schulkinder in der Charit\u00e9-Zahnklinik Am Freitag, den 20.09.2024, findet in der Charit\u00e9-Zahnklinik in Berlin-Wilmersdorf ein gro\u00dfer Aktionstag f\u00fcr Berliner Grundschulkinder zum Tag der Zahngesundheit statt. Die [&#8230;]<\/p>\n","protected":false},"author":13,"featured_media":0,"comment_status":"closed","ping_status":"closed","sticky":false,"template":"","format":"standard","meta":{"ngg_post_thumbnail":0,"iawp_total_views":1,"footnotes":""},"categories":[177,281,150,182,46],"tags":[],"class_list":["post-45903","post","type-post","status-publish","format-standard","hentry","category-berlin","category-charite","category-lageso","category-senat","category-zahnaerztekammer-berlin"],"_links":{"self":[{"href":"https:\/\/iuzb.de\/index.php?rest_route=\/wp\/v2\/posts\/45903","targetHints":{"allow":["GET"]}}],"collection":[{"href":"https:\/\/iuzb.de\/index.php?rest_route=\/wp\/v2\/posts"}],"about":[{"href":"https:\/\/iuzb.de\/index.php?rest_route=\/wp\/v2\/types\/post"}],"author":[{"embeddable":true,"href":"https:\/\/iuzb.de\/index.php?rest_route=\/wp\/v2\/users\/13"}],"replies":[{"embeddable":true,"href":"https:\/\/iuzb.de\/index.php?rest_route=%2Fwp%2Fv2%2Fcomments&post=45903"}],"version-history":[{"count":5,"href":"https:\/\/iuzb.de\/index.php?rest_route=\/wp\/v2\/posts\/45903\/revisions"}],"predecessor-version":[{"id":46064,"href":"https:\/\/iuzb.de\/index.php?rest_route=\/wp\/v2\/posts\/45903\/revisions\/46064"}],"wp:attachment":[{"href":"https:\/\/iuzb.de\/index.php?rest_route=%2Fwp%2Fv2%2Fmedia&parent=45903"}],"wp:term":[{"taxonomy":"category","embeddable":true,"href":"https:\/\/iuzb.de\/index.php?rest_route=%2Fwp%2Fv2%2Fcategories&post=45903"},{"taxonomy":"post_tag","embeddable":true,"href":"https:\/\/iuzb.de\/index.php?rest_route=%2Fwp%2Fv2%2Ftags&post=45903"}],"curies":[{"name":"wp","href":"https:\/\/api.w.org\/{rel}","templated":true}]}}