{"id":45743,"date":"2024-08-18T22:02:02","date_gmt":"2024-08-18T20:02:02","guid":{"rendered":"https:\/\/iuzb.de\/?p=45743"},"modified":"2025-12-30T13:00:31","modified_gmt":"2025-12-30T12:00:31","slug":"vorwurf-der-bestechlichkeit-anklage-gegen-ehemalige-berliner-senatorin-kalayci-erhoben","status":"publish","type":"post","link":"https:\/\/iuzb.de\/?p=45743","title":{"rendered":"Vorwurf der Bestechlichkeit: Anklage gegen ehemalige Berliner Gesundheitssenatorin Kalayci erhoben"},"content":{"rendered":"<p style=\"text-align: justify;\"><span style=\"font-family: arial, helvetica, sans-serif; font-size: 12pt;\"><strong>Anklageerhebung gegen ehemalige Senatorin und einen Unternehmer<\/strong><\/span><\/p>\n<p style=\"text-align: justify;\"><span style=\"font-family: arial, helvetica, sans-serif; font-size: 12pt;\">Gegen die fr\u00fchere Senatorin f\u00fcr Gesundheit, Pflege und Gleichstellung, Dilek Kalayci, sowie gegen den mittlerweile 58 Jahre alten Inhaber einer PR- und Werbeagentur hat die Staatsanwaltschaft Berlin Anklage zum Landgericht Berlin erhoben. Dem Unternehmer wird Bestechung, der fr\u00fcheren Senatorin Bestechlichkeit vorgeworfen, der Tatzeitraum soll Februar 2019 bis Oktober 2021 sein.<\/span><\/p>\n<p style=\"text-align: justify;\"><span style=\"font-family: arial, helvetica, sans-serif; font-size: 12pt;\">Im Fr\u00fchjahr 2019 sollen die beiden Angeschuldigten \u00fcbereingekommen sein, dass die Agentur die Planung und Organisation der Hochzeitsfeier der Angeschuldigten Kalayci \u00fcbernehmen soll. Die damit zusammenh\u00e4ngenden Leistungen sollen von Mitarbeiterinnen und Mitarbeitern der Agentur auch tats\u00e4chlich erbracht worden sein. Sie sollen aber der Angeschuldigten Kalayci nie in Rechnung gestellt worden sein \u2013 laut Anklage in der wechselseitigen Annahme, dass die kostenlose Leistungserbringung die Gew\u00e4hrung von Zuwendungen durch die von der Angeschuldigten geleiteten Senatsverwaltung zugunsten der Agentur positiv beeinflusst.<\/span><\/p>\n<p style=\"text-align: justify;\"><span style=\"font-family: arial, helvetica, sans-serif; font-size: 12pt;\">Die Angeschuldigte Kalayci soll auch keine Rechnungslegung erbeten haben. Stattdessen soll sie laut Anklage ihr Ermessen den Erwartungen des Mitangeschuldigten entsprechend \u2013 und damit nicht fehlerfrei \u2013 ausge\u00fcbt, die Gew\u00e4hrung von Zuwendungen in H\u00f6he von 267.830 Euro f\u00fcr ein Projekt zur Bewerbung der Pflegeberufsausbildung an die Agentur des Angeschuldigten bef\u00f6rdert und f\u00fcr die Bereitstellung der daf\u00fcr erforderlichen Haushaltsmittel gesorgt haben.<\/span><\/p>\n<p style=\"text-align: justify;\"><span style=\"font-family: arial, helvetica, sans-serif; font-size: 12pt;\">Der Angeschuldigte soll so \u2013 abz\u00fcglich der Aufwendungen zur Umsetzung des Projekts \u2013 einen Gewinn in H\u00f6he von sch\u00e4tzungsweise 9.450 Euro f\u00fcr sich und weiteren 7.423,29 Euro f\u00fcr seine Agentur erzielt haben. Die Angeschuldigte Kalayci soll Leistungen im Wert von sch\u00e4tzungsweise 11.240,36 Euro f\u00fcr ihre Hochzeitsfeier erlangt haben.<\/span><\/p>\n<p><span style=\"font-family: arial, helvetica, sans-serif; font-size: 12pt;\">Quelle: Staatsanwaltschaft Berlin, <a href=\"https:\/\/www.berlin.de\/generalstaatsanwaltschaft\/presse\/pressemitteilungen\/2024\/pressemitteilung.1477233.php\" target=\"_blank\" rel=\"noopener\">Pressemitteilung vom 18.08.2024<\/a><\/span><\/p>\n<p>&nbsp;<\/p>\n<p>&nbsp;<\/p>\n<p><span style=\"font-family: arial, helvetica, sans-serif; font-size: 12pt;\">&#8212;&#8212;&#8212;<\/span><\/p>\n<p><span style=\"font-family: arial, helvetica, sans-serif; font-size: 12pt;\">Wikipedia: <a href=\"https:\/\/de.wikipedia.org\/wiki\/Dilek_Kalayci\" target=\"_blank\" rel=\"noopener\">Dilek Kalayci<\/a><\/span><\/p>\n<p>&nbsp;<\/p>\n","protected":false},"excerpt":{"rendered":"<p>Anklageerhebung gegen ehemalige Senatorin und einen Unternehmer Gegen die fr\u00fchere Senatorin f\u00fcr Gesundheit, Pflege und Gleichstellung, Dilek Kalayci, sowie gegen den mittlerweile 58 Jahre alten Inhaber einer PR- und Werbeagentur [&#8230;]<\/p>\n","protected":false},"author":13,"featured_media":0,"comment_status":"closed","ping_status":"closed","sticky":false,"template":"","format":"standard","meta":{"ngg_post_thumbnail":0,"iawp_total_views":1,"footnotes":""},"categories":[177,68,182],"tags":[],"class_list":["post-45743","post","type-post","status-publish","format-standard","hentry","category-berlin","category-recht","category-senat"],"_links":{"self":[{"href":"https:\/\/iuzb.de\/index.php?rest_route=\/wp\/v2\/posts\/45743","targetHints":{"allow":["GET"]}}],"collection":[{"href":"https:\/\/iuzb.de\/index.php?rest_route=\/wp\/v2\/posts"}],"about":[{"href":"https:\/\/iuzb.de\/index.php?rest_route=\/wp\/v2\/types\/post"}],"author":[{"embeddable":true,"href":"https:\/\/iuzb.de\/index.php?rest_route=\/wp\/v2\/users\/13"}],"replies":[{"embeddable":true,"href":"https:\/\/iuzb.de\/index.php?rest_route=%2Fwp%2Fv2%2Fcomments&post=45743"}],"version-history":[{"count":8,"href":"https:\/\/iuzb.de\/index.php?rest_route=\/wp\/v2\/posts\/45743\/revisions"}],"predecessor-version":[{"id":50664,"href":"https:\/\/iuzb.de\/index.php?rest_route=\/wp\/v2\/posts\/45743\/revisions\/50664"}],"wp:attachment":[{"href":"https:\/\/iuzb.de\/index.php?rest_route=%2Fwp%2Fv2%2Fmedia&parent=45743"}],"wp:term":[{"taxonomy":"category","embeddable":true,"href":"https:\/\/iuzb.de\/index.php?rest_route=%2Fwp%2Fv2%2Fcategories&post=45743"},{"taxonomy":"post_tag","embeddable":true,"href":"https:\/\/iuzb.de\/index.php?rest_route=%2Fwp%2Fv2%2Ftags&post=45743"}],"curies":[{"name":"wp","href":"https:\/\/api.w.org\/{rel}","templated":true}]}}