{"id":45596,"date":"2024-07-19T09:59:11","date_gmt":"2024-07-19T07:59:11","guid":{"rendered":"https:\/\/iuzb.de\/?p=45596"},"modified":"2024-07-19T10:14:06","modified_gmt":"2024-07-19T08:14:06","slug":"abgeordnetnehaus-entwicklung-medizinischer-versorgungszentren-mvz","status":"publish","type":"post","link":"https:\/\/iuzb.de\/?p=45596","title":{"rendered":"Abgeordnetnehaus: Entwicklung (zahn) Medizinischer Versorgungszentren (MVZ)"},"content":{"rendered":"<p style=\"text-align: justify;\"><span style=\"font-family: arial, helvetica, sans-serif; font-size: 12pt;\">Berliner Abgeordnetenhaus<\/span><\/p>\n<p style=\"text-align: justify;\"><span style=\"font-family: arial, helvetica, sans-serif; font-size: 12pt;\">Drucksache 19 \/ 19 541<\/span><\/p>\n<p style=\"text-align: justify;\"><span style=\"font-family: arial, helvetica, sans-serif; font-size: 12pt;\">Schriftliche Anfrage zum Thema:<\/span><\/p>\n<ul style=\"text-align: justify;\">\n<li><span style=\"font-family: arial, helvetica, sans-serif; font-size: 12pt;\"><a href=\"https:\/\/pardok.parlament-berlin.de\/starweb\/adis\/citat\/VT\/19\/SchrAnfr\/S19-19541.pdf\" target=\"_blank\" rel=\"noopener\">Entwicklung Medizinischer Versorgungszentren (MVZ)<\/a><\/span><\/li>\n<\/ul>\n<p style=\"text-align: justify;\"><span style=\"font-family: arial, helvetica, sans-serif; font-size: 12pt;\">&#8212;&#8211;<\/span><\/p>\n<p style=\"text-align: justify;\"><span style=\"font-family: arial, helvetica, sans-serif; font-size: 12pt;\">Nur \u00c4rzte. Zur Beantwortung der Frage wurde die Kassen\u00e4rztliche Vereinigung Berlin (KV Berlin) um Unterst\u00fctzung gebeten. In Berlin gab es per 01.06.2024 insgesamt <strong>330 MVZ<\/strong>.<\/span><\/p>\n<p style=\"text-align: justify;\"><span style=\"font-family: arial, helvetica, sans-serif; font-size: 12pt;\">Wie viele sich davon auch in der Hand von Private-Equity-Gesellschaften und Versorgungsfremden Investoren befinden wurde mitgeteilt, dass<\/span><\/p>\n<ul style=\"text-align: justify;\">\n<li><span style=\"font-family: arial, helvetica, sans-serif; font-size: 12pt;\">210 Medizinische Versorgungszentren von zugelassenen \u00c4rztinnen und \u00c4rzten,<\/span><\/li>\n<li><span style=\"font-family: arial, helvetica, sans-serif; font-size: 12pt;\">102 Medizinische Versorgungszentren von Krankenhaustr\u00e4ger,<\/span><\/li>\n<li><span style=\"font-family: arial, helvetica, sans-serif; font-size: 12pt;\">4 Medizinische Versorgungszentren von Erbringern nicht\u00e4rztlicher Dialyseleistungen und<\/span><\/li>\n<li><span style=\"font-family: arial, helvetica, sans-serif; font-size: 12pt;\">14 Medizinische Versorgungszentren von gemeinn\u00fctzigen Tr\u00e4gern<\/span><br \/>\n<span style=\"font-family: arial, helvetica, sans-serif; font-size: 12pt;\">betrieben w\u00fcrden.<br \/>\n<\/span><\/li>\n<li><span style=\"font-family: arial, helvetica, sans-serif; font-size: 12pt;\">= Summe 330<\/span><\/li>\n<\/ul>\n<p style=\"text-align: justify;\"><strong><span style=\"font-family: arial, helvetica, sans-serif; font-size: 12pt;\">Zum Betrieb Medizinischer Versorgungszentren durch anerkannte Praxisnetzen, Private Equity Gesellschaften und versorgungsfremden Investoren k\u00f6nnten keine Angaben gemacht werden.<\/span><\/strong><\/p>\n<p><span style=\"font-family: arial, helvetica, sans-serif; font-size: 12pt;\">&#8212;-<\/span><\/p>\n<p style=\"text-align: justify;\"><span style=\"font-family: arial, helvetica, sans-serif; font-size: 12pt;\"><span style=\"text-decoration: underline;\">Frage 3.<\/span> Wie hat sich die Anzahl von <span style=\"color: #ff0000;\">Medizinischen Versorgungszentren mit zahn\u00e4rztlichen Versorgungsangeboten<\/span> seit 2015 entwickelt? Bitte nach Bezirken und Rechtsform der Betreibenden aufgeteilt angeben.<\/span><\/p>\n<p style=\"text-align: justify;\"><span style=\"font-family: arial, helvetica, sans-serif; font-size: 12pt;\">Antwort: Zur Beantwortung der Frage wurde die Kassenzahn\u00e4rztliche Vereinigung Berlin (KZV Berlin) um Unterst\u00fctzung gebeten. Die Entwicklung der Anzahl Medizinischer Versorgungszentren mit zahn\u00e4rztlichen Angeboten seit 2015 ist in der folgenden Tabelle dargestellt.<\/span><\/p>\n<p><strong><span style=\"color: #ff0000;\">MVZ mit zahn\u00e4rztlicher Beteiligung<\/span><\/strong><\/p>\n<table style=\"border-collapse: collapse; width: 45.8571%; height: 264px;\">\n<tbody>\n<tr style=\"height: 24px;\">\n<td style=\"width: 21%; text-align: left; vertical-align: top; height: 24px;\">Jahr (je 31.12.)<\/td>\n<td style=\"width: 24.8571%; text-align: left; vertical-align: top; height: 24px;\">Anzahl<\/td>\n<\/tr>\n<tr style=\"height: 24px;\">\n<td style=\"width: 21%; text-align: left; vertical-align: top; height: 24px;\">2015<\/td>\n<td style=\"width: 24.8571%; text-align: left; vertical-align: top; height: 24px;\">3<\/td>\n<\/tr>\n<tr style=\"height: 24px;\">\n<td style=\"width: 21%; text-align: left; vertical-align: top; height: 24px;\">2016<\/td>\n<td style=\"width: 24.8571%; text-align: left; vertical-align: top; height: 24px;\">28<\/td>\n<\/tr>\n<tr style=\"height: 24px;\">\n<td style=\"width: 21%; text-align: left; vertical-align: top; height: 24px;\">2017<\/td>\n<td style=\"width: 24.8571%; text-align: left; vertical-align: top; height: 24px;\">44<\/td>\n<\/tr>\n<tr style=\"height: 24px;\">\n<td style=\"width: 21%; text-align: left; vertical-align: top; height: 24px;\">2018<\/td>\n<td style=\"width: 24.8571%; text-align: left; vertical-align: top; height: 24px;\">69<\/td>\n<\/tr>\n<tr style=\"height: 24px;\">\n<td style=\"width: 21%; text-align: left; vertical-align: top; height: 24px;\">2019<\/td>\n<td style=\"width: 24.8571%; text-align: left; vertical-align: top; height: 24px;\">99<\/td>\n<\/tr>\n<tr style=\"height: 24px;\">\n<td style=\"width: 21%; text-align: left; vertical-align: top; height: 24px;\">2020<\/td>\n<td style=\"width: 24.8571%; text-align: left; vertical-align: top; height: 24px;\">106<\/td>\n<\/tr>\n<tr style=\"height: 24px;\">\n<td style=\"width: 21%; text-align: left; vertical-align: top; height: 24px;\">2021<\/td>\n<td style=\"width: 24.8571%; text-align: left; vertical-align: top; height: 24px;\">123<\/td>\n<\/tr>\n<tr style=\"height: 24px;\">\n<td style=\"width: 21%; text-align: left; vertical-align: top; height: 24px;\">2022<\/td>\n<td style=\"width: 24.8571%; text-align: left; vertical-align: top; height: 24px;\">145<\/td>\n<\/tr>\n<tr style=\"height: 24px;\">\n<td style=\"width: 21%; text-align: left; vertical-align: top; height: 24px;\">2023<\/td>\n<td style=\"width: 24.8571%; text-align: left; vertical-align: top; height: 24px;\">160<\/td>\n<\/tr>\n<tr style=\"height: 24px;\">\n<td style=\"width: 21%; text-align: left; vertical-align: top; height: 24px;\">2024 (31.03.)<\/td>\n<td style=\"width: 24.8571%; text-align: left; vertical-align: top; height: 24px;\">157<\/td>\n<\/tr>\n<\/tbody>\n<\/table>\n<p style=\"text-align: justify;\"><span style=\"font-family: arial, helvetica, sans-serif; font-size: 12pt;\">Eine Auflistung nach Bezirken und Rechtsform sei in der K\u00fcrze der Beantwortungszeit nicht <\/span><span style=\"font-family: arial, helvetica, sans-serif; font-size: 12pt;\">m\u00f6glich. Die KZV Berlin weist diesbez\u00fcglich darauf hin, dass Berlin als einheitlicher Planungsbereich angesehen wird.<\/span><\/p>\n<p>&nbsp;<\/p>\n<p>&nbsp;<\/p>\n","protected":false},"excerpt":{"rendered":"<p>Berliner Abgeordnetenhaus Drucksache 19 \/ 19 541 Schriftliche Anfrage zum Thema: Entwicklung Medizinischer Versorgungszentren (MVZ) &#8212;&#8211; Nur \u00c4rzte. Zur Beantwortung der Frage wurde die Kassen\u00e4rztliche Vereinigung Berlin (KV Berlin) um [&#8230;]<\/p>\n","protected":false},"author":13,"featured_media":0,"comment_status":"closed","ping_status":"closed","sticky":false,"template":"","format":"standard","meta":{"ngg_post_thumbnail":0,"iawp_total_views":0,"footnotes":""},"categories":[173,177,315],"tags":[],"class_list":["post-45596","post","type-post","status-publish","format-standard","hentry","category-abgeordnetenhaus","category-berlin","category-imvz"],"_links":{"self":[{"href":"https:\/\/iuzb.de\/index.php?rest_route=\/wp\/v2\/posts\/45596","targetHints":{"allow":["GET"]}}],"collection":[{"href":"https:\/\/iuzb.de\/index.php?rest_route=\/wp\/v2\/posts"}],"about":[{"href":"https:\/\/iuzb.de\/index.php?rest_route=\/wp\/v2\/types\/post"}],"author":[{"embeddable":true,"href":"https:\/\/iuzb.de\/index.php?rest_route=\/wp\/v2\/users\/13"}],"replies":[{"embeddable":true,"href":"https:\/\/iuzb.de\/index.php?rest_route=%2Fwp%2Fv2%2Fcomments&post=45596"}],"version-history":[{"count":12,"href":"https:\/\/iuzb.de\/index.php?rest_route=\/wp\/v2\/posts\/45596\/revisions"}],"predecessor-version":[{"id":45608,"href":"https:\/\/iuzb.de\/index.php?rest_route=\/wp\/v2\/posts\/45596\/revisions\/45608"}],"wp:attachment":[{"href":"https:\/\/iuzb.de\/index.php?rest_route=%2Fwp%2Fv2%2Fmedia&parent=45596"}],"wp:term":[{"taxonomy":"category","embeddable":true,"href":"https:\/\/iuzb.de\/index.php?rest_route=%2Fwp%2Fv2%2Fcategories&post=45596"},{"taxonomy":"post_tag","embeddable":true,"href":"https:\/\/iuzb.de\/index.php?rest_route=%2Fwp%2Fv2%2Ftags&post=45596"}],"curies":[{"name":"wp","href":"https:\/\/api.w.org\/{rel}","templated":true}]}}