{"id":45417,"date":"2024-06-12T13:10:27","date_gmt":"2024-06-12T11:10:27","guid":{"rendered":"https:\/\/iuzb.de\/?p=45417"},"modified":"2024-06-12T19:32:28","modified_gmt":"2024-06-12T17:32:28","slug":"einsatz-eines-skalpells-und-einer-schere-durch-koerperlich-eingeschraenkten-arzt-begruendet-strafbarkeit-wegen-gefaehrlicher-koerperverletzung","status":"publish","type":"post","link":"https:\/\/iuzb.de\/?p=45417","title":{"rendered":"Einsatz eines Skalpells und einer Schere durch k\u00f6rperlich eingeschr\u00e4nkten Arzt begr\u00fcndet Strafbarkeit wegen gef\u00e4hrlicher K\u00f6rperverletzung"},"content":{"rendered":"<p><span style=\"font-family: arial, helvetica, sans-serif;\">RA-Online.de, 11.06.2024:<\/span><\/p>\n<ul>\n<li><span style=\"font-family: arial, helvetica, sans-serif;\"><a href=\"https:\/\/www.kostenlose-urteile.de\/Bayerisches-Oberstes-Landesgericht_205-StRR-824_Einsatz-eines-Skalpells-und-einer-Schere-durch-koerperlich-eingeschraenkten-Arzt-begruendet-Strafbarkeit-wegen-gefaehrlicher.news34056.htm\" target=\"_blank\" rel=\"noopener\">Einsatz eines Skalpells und einer Schere durch k\u00f6rperlich eingeschr\u00e4nkten Arzt begr\u00fcndet Strafbarkeit wegen gef\u00e4hrlicher K\u00f6rperverletzung<\/a><\/span><br \/>\n<span style=\"font-family: arial, helvetica, sans-serif;\"><strong>Skalpell und Schere als gef\u00e4hrliches Werkzeug<\/strong><\/span><\/li>\n<\/ul>\n<p>&nbsp;<\/p>\n<p><span style=\"font-family: arial, helvetica, sans-serif;\">&#8212;&#8212;-<\/span><\/p>\n<p><span style=\"font-family: arial, helvetica, sans-serif;\">Bayerisches Oberstes Landesgericht, <a href=\"https:\/\/www.gesetze-bayern.de\/Images\/link.png\" target=\"_blank\" rel=\"noopener\">A<\/a>z 205 StRR 8\/24, <a href=\"https:\/\/www.gesetze-bayern.de\/Content\/Document\/Y-300-Z-BECKRS-B-2024-N-5578\" target=\"_blank\" rel=\"noopener\">Urteil vom 19.03.2024<\/a><\/span><\/p>\n<p style=\"text-align: justify;\"><span style=\"font-family: arial, helvetica, sans-serif;\">Leits\u00e4tze:<\/span><\/p>\n<p style=\"text-align: justify;\"><span style=\"font-family: arial, helvetica, sans-serif;\">Ein medizinisches Instrument, gef\u00fchrt von einem approbierten Arzt im Rahmen eines indizierten Eingriffs, kann je nach den Umst\u00e4nden des Einzelfalls ein gef\u00e4hrliches Werkzeug im Sinne von <a href=\"https:\/\/dejure.org\/gesetze\/StGB\/224.html\" target=\"_blank\" rel=\"noopener\">\u00a7 224 Abs. 1 Nr. 2 StGB<\/a> sein. (Rn. 20 \u2013 21)<\/span><\/p>\n<ol>\n<li style=\"text-align: justify;\"><span style=\"font-family: arial, helvetica, sans-serif;\">Ein gef\u00e4hrliches Werkzeug iSv \u00a7 224 Abs. 1 Nr. 2 StGB ist jeder Gegenstand, der nach seiner objektiven Beschaffenheit und Art seiner Verwendung im konkreten Fall geeignet ist, erhebliche Verletzungen zuzuf\u00fcgen. Dabei wird die Gef\u00e4hrlichkeit allein verwendungsabh\u00e4ngig bestimmt, so dass es nur auf die konkrete Anwendung unter Ber\u00fccksichtigung der Umst\u00e4nde des Einzelfalls ankommt, sofern mit der Anwendung die Gefahr einer erheblichen Verletzung verbunden ist. (Rn. 19) (redaktioneller Leitsatz)<\/span><\/li>\n<li style=\"text-align: justify;\"><span style=\"font-family: arial, helvetica, sans-serif;\">Die Verwendung eines Skalpells oder einer Schere bei einer Operation durch einen Arzt, der aufgrund k\u00f6rperlicher Einschr\u00e4nkungen objektiv ungeeignet war, operative T\u00e4tigkeiten als Augenarzt durchzuf\u00fchren, stellt eine K\u00f6rperverletzung mittels eines gef\u00e4hrliches Werkzeug dar. (Rn. 20) (redaktioneller Leitsatz)<\/span><\/li>\n<\/ol>\n<p>&nbsp;<\/p>\n","protected":false},"excerpt":{"rendered":"<p>RA-Online.de, 11.06.2024: Einsatz eines Skalpells und einer Schere durch k\u00f6rperlich eingeschr\u00e4nkten Arzt begr\u00fcndet Strafbarkeit wegen gef\u00e4hrlicher K\u00f6rperverletzung Skalpell und Schere als gef\u00e4hrliches Werkzeug &nbsp; &#8212;&#8212;- Bayerisches Oberstes Landesgericht, Az 205 [&#8230;]<\/p>\n","protected":false},"author":13,"featured_media":0,"comment_status":"closed","ping_status":"closed","sticky":false,"template":"","format":"standard","meta":{"ngg_post_thumbnail":0,"iawp_total_views":1,"footnotes":""},"categories":[68],"tags":[],"class_list":["post-45417","post","type-post","status-publish","format-standard","hentry","category-recht"],"_links":{"self":[{"href":"https:\/\/iuzb.de\/index.php?rest_route=\/wp\/v2\/posts\/45417","targetHints":{"allow":["GET"]}}],"collection":[{"href":"https:\/\/iuzb.de\/index.php?rest_route=\/wp\/v2\/posts"}],"about":[{"href":"https:\/\/iuzb.de\/index.php?rest_route=\/wp\/v2\/types\/post"}],"author":[{"embeddable":true,"href":"https:\/\/iuzb.de\/index.php?rest_route=\/wp\/v2\/users\/13"}],"replies":[{"embeddable":true,"href":"https:\/\/iuzb.de\/index.php?rest_route=%2Fwp%2Fv2%2Fcomments&post=45417"}],"version-history":[{"count":8,"href":"https:\/\/iuzb.de\/index.php?rest_route=\/wp\/v2\/posts\/45417\/revisions"}],"predecessor-version":[{"id":45428,"href":"https:\/\/iuzb.de\/index.php?rest_route=\/wp\/v2\/posts\/45417\/revisions\/45428"}],"wp:attachment":[{"href":"https:\/\/iuzb.de\/index.php?rest_route=%2Fwp%2Fv2%2Fmedia&parent=45417"}],"wp:term":[{"taxonomy":"category","embeddable":true,"href":"https:\/\/iuzb.de\/index.php?rest_route=%2Fwp%2Fv2%2Fcategories&post=45417"},{"taxonomy":"post_tag","embeddable":true,"href":"https:\/\/iuzb.de\/index.php?rest_route=%2Fwp%2Fv2%2Ftags&post=45417"}],"curies":[{"name":"wp","href":"https:\/\/api.w.org\/{rel}","templated":true}]}}