{"id":45076,"date":"2024-04-25T13:33:09","date_gmt":"2024-04-25T11:33:09","guid":{"rendered":"https:\/\/iuzb.de\/?p=45076"},"modified":"2024-04-25T13:35:05","modified_gmt":"2024-04-25T11:35:05","slug":"vivantes-friedrichshain-turmfalken-im-livestream-aus-dem-vivantes-klinikum-neukoelln","status":"publish","type":"post","link":"https:\/\/iuzb.de\/?p=45076","title":{"rendered":"Turmfalken im Livestream aus dem Vivantes Klinikum Neuk\u00f6lln"},"content":{"rendered":"<p style=\"text-align: justify;\"><span style=\"font-family: arial, helvetica, sans-serif; font-size: 12pt;\"><strong><img loading=\"lazy\" decoding=\"async\" class=\" alignright\" src=\"https:\/\/www.vivantes.de\/fileadmin\/presse_img\/2023\/24_04_24__Turmfalke-1200px.jpg\" width=\"359\" height=\"142\">Schon drei Eier im Nest am Wasserturm<\/strong><\/span><\/p>\n<p style=\"text-align: justify;\"><span style=\"font-family: arial, helvetica, sans-serif; font-size: 12pt;\">Die Turmfalken beim Br\u00fcten und Aufziehen ihrer Jungen live beobachten \u2013 das geht ab sofort wieder \u00fcber eine Webcam im Wasserturm des Neuk\u00f6llner Klinikums. Die Stiftung Naturschutz Berlin und das Krankenhausunternehmen Vivantes haben sich bereits zum achten Mal f\u00fcr dieses besondere Naturschutz-Projekt zusammengetan.<\/span><\/p>\n<p style=\"text-align: justify;\"><span style=\"font-family: arial, helvetica, sans-serif; font-size: 12pt;\">Der Turm an der Zadekstra\u00dfe in Neuk\u00f6lln bietet in luftiger H\u00f6he von etwa vierzig Metern zwei k\u00fcnstliche Nistpl\u00e4tze, die j\u00e4hrlich zur Paarungszeit von V\u00f6geln \u201ebezogen\u201c werden. In diesem Jahr hat das Turmfalken-Weibchen im April bereits drei Eier gelegt, wie die zwei Kameras der Stiftung Naturschutz Berlin und des Vivantes Klinikum Neuk\u00f6lln aus dem Nistkasten zeigen. Interessierte k\u00f6nnen von morgens fr\u00fch bis zum Einbruch der Dunkelheit live ins Nest gucken.<\/span><\/p>\n<p style=\"text-align: justify;\"><span style=\"font-family: arial, helvetica, sans-serif; font-size: 12pt;\">Kommen noch weitere Eier hinzu? Wird sich das Turmfalken-P\u00e4rchen gut um die Brut k\u00fcmmern? Wann schl\u00fcpft der Nachwuchs? Im Livestream gibt es voraussichtlich ab Mai die t\u00e4gliche die F\u00fctterung der geschl\u00fcpften Turmfalken-Jungen und sp\u00e4ter nat\u00fcrlich die ersten Flatterversuche zu sehen \u2013 bis sie dann nach ein paar Wochen fl\u00fcgge sind.<\/span><\/p>\n<p style=\"text-align: justify;\"><span style=\"font-family: arial, helvetica, sans-serif; font-size: 12pt;\">Greifvogelschutzexperte Stefan Kupko betreut die gefiederten Stadtbewohner. Er arbeitet in der Rettungsstelle des Vivantes Auguste-Viktoria Klinikum und engagiert sich seit vielen Jahren ehrenamtlich beim Naturschutzbund Deutschland (NABU e.V.) im Greifvogelschutz. F\u00fcr die Neuk\u00f6llner Turmfalken hat er vor rund 30 Jahren die Nistk\u00e4sten selbst gebaut und am Wasserturm angebracht. <\/span><\/p>\n<ul>\n<li style=\"text-align: justify;\"><span style=\"font-family: Calibri; font-size: small;\"><span style=\"font-family: Arial;\"><span style=\"font-family: arial, helvetica, sans-serif; font-size: 12pt;\">Link zu den Webcams: <\/span><\/span><\/span><\/li>\n<li style=\"text-align: justify;\"><span style=\"font-family: Calibri; font-size: small;\"><span style=\"font-family: Arial;\"><span style=\"font-family: arial, helvetica, sans-serif; font-size: 12pt;\"><a href=\"https:\/\/www.vivantes.de\/unternehmen\/stadtnatur\/turmfalken\/turmfalken-webcam\" target=\"_blank\" rel=\"noopener noreferrer\"><span style=\"color: #0563c1;\"><u>Turmfalken Webcam&nbsp;|&nbsp;Vivantes<\/u><\/span><\/a> \/ <\/span><\/span><\/span><\/li>\n<li style=\"text-align: justify;\"><span style=\"font-family: Calibri; font-size: small;\"><span style=\"font-family: Arial;\"><a href=\"https:\/\/www.stiftung-naturschutz.de\/naturschutz\/koordinierungsstelle-fauna\/turmfalken\" target=\"_blank\" rel=\"noopener noreferrer\"><span style=\"color: #0563c1;\"><u><span style=\"font-family: arial, helvetica, sans-serif; font-size: 12pt;\">Turmfalken&nbsp;&#8211;&nbsp;Stiftung Naturschutz Berlin (stiftung-naturschutz.de)<\/span><\/u><\/span><\/a><\/span><\/span><\/li>\n<\/ul>\n<p>Quelle: Vivantes, <a href=\"https:\/\/www.vivantes.de\/unternehmen\/presse\/pressemitteilungen\/presse-detail\/news\/turmfalken-im-livestream-aus-dem-vivantes-klinikum-neukoelln\" target=\"_blank\" rel=\"noopener\">Pressemitteilung vom 24.04.2024<\/a><\/p>\n<p>&nbsp;<\/p>\n<p>&nbsp;<\/p>\n","protected":false},"excerpt":{"rendered":"<p>Schon drei Eier im Nest am Wasserturm Die Turmfalken beim Br\u00fcten und Aufziehen ihrer Jungen live beobachten \u2013 das geht ab sofort wieder \u00fcber eine Webcam im Wasserturm des Neuk\u00f6llner [&#8230;]<\/p>\n","protected":false},"author":13,"featured_media":0,"comment_status":"closed","ping_status":"closed","sticky":false,"template":"","format":"standard","meta":{"ngg_post_thumbnail":0,"iawp_total_views":24,"footnotes":""},"categories":[177,284],"tags":[],"class_list":["post-45076","post","type-post","status-publish","format-standard","hentry","category-berlin","category-vivantes"],"_links":{"self":[{"href":"https:\/\/iuzb.de\/index.php?rest_route=\/wp\/v2\/posts\/45076","targetHints":{"allow":["GET"]}}],"collection":[{"href":"https:\/\/iuzb.de\/index.php?rest_route=\/wp\/v2\/posts"}],"about":[{"href":"https:\/\/iuzb.de\/index.php?rest_route=\/wp\/v2\/types\/post"}],"author":[{"embeddable":true,"href":"https:\/\/iuzb.de\/index.php?rest_route=\/wp\/v2\/users\/13"}],"replies":[{"embeddable":true,"href":"https:\/\/iuzb.de\/index.php?rest_route=%2Fwp%2Fv2%2Fcomments&post=45076"}],"version-history":[{"count":4,"href":"https:\/\/iuzb.de\/index.php?rest_route=\/wp\/v2\/posts\/45076\/revisions"}],"predecessor-version":[{"id":45080,"href":"https:\/\/iuzb.de\/index.php?rest_route=\/wp\/v2\/posts\/45076\/revisions\/45080"}],"wp:attachment":[{"href":"https:\/\/iuzb.de\/index.php?rest_route=%2Fwp%2Fv2%2Fmedia&parent=45076"}],"wp:term":[{"taxonomy":"category","embeddable":true,"href":"https:\/\/iuzb.de\/index.php?rest_route=%2Fwp%2Fv2%2Fcategories&post=45076"},{"taxonomy":"post_tag","embeddable":true,"href":"https:\/\/iuzb.de\/index.php?rest_route=%2Fwp%2Fv2%2Ftags&post=45076"}],"curies":[{"name":"wp","href":"https:\/\/api.w.org\/{rel}","templated":true}]}}