{"id":45010,"date":"2024-04-06T21:48:30","date_gmt":"2024-04-06T19:48:30","guid":{"rendered":"https:\/\/iuzb.de\/?p=45010"},"modified":"2024-04-06T21:48:30","modified_gmt":"2024-04-06T19:48:30","slug":"ovg-berlin-brandenburg-keine-auskunft-ueber-begnadigungen-durch-den-bundespraesidenten","status":"publish","type":"post","link":"https:\/\/iuzb.de\/?p=45010","title":{"rendered":"OVG Berlin-Brandenburg: Keine Auskunft \u00fcber Begnadigungen durch den Bundespr\u00e4sidenten"},"content":{"rendered":"<p style=\"text-align: justify;\">Der f\u00fcr das Presserecht zust\u00e4ndige 6. Senat des Oberverwaltungsgerichts Berlin-Brandenburg hatte sich mit einem Auskunftsbegehren \u00fcber Begnadigungen durch den Bundespr\u00e4sidenten zu befassen.<\/p>\n<p style=\"text-align: justify;\">Der Kl\u00e4ger ist Projektleiter eines Vereins, der ein Internet-Portal zur F\u00f6rderung der Informationsfreiheit betreibt. Daneben ist er nach eigenen Angaben als freier Journalist t\u00e4tig. Er begehrte von der Pressestelle des Bundespr\u00e4sidialamtes eine \u00dcbersicht s\u00e4mtlicher Begnadigungen durch den Bundespr\u00e4sidenten in den Jahren 2004 bis 2021 mit den Namen der begnadigten Personen, dem Aktenzeichen der zugrundeliegenden Straf- oder Disziplinarverfahren, der diesen zugrundeliegenden Verfehlungen und dem Datum der Begnadigung. Die auf Erteilung dieser Ausk\u00fcnfte gerichtete Klage hatte vor dem Verwaltungsgericht keinen Erfolg.<\/p>\n<p style=\"text-align: justify;\">Das Oberverwaltungsgericht hat die hiergegen gerichtete Berufung des Kl\u00e4gers zur\u00fcckgewiesen. Zur Begr\u00fcndung hat es ausgef\u00fchrt, der presserechtliche Auskunftsanspruch beziehe sich allein auf beh\u00f6rdliches Handeln im funktionalen Sinn. Der Bundespr\u00e4sident handele bei der Aus\u00fcbung des Begnadigungsrechts aber nicht als Beh\u00f6rde, sondern nehme als Verfassungsorgan ihm einger\u00e4umte verfassungsrechtliche Befugnisse wahr.<\/p>\n<p style=\"text-align: justify;\">Die Revision zum Bundesverwaltungsgericht wurde nicht zugelassen.<\/p>\n<p>OVG Berlin-Brandenburb, <a href=\"https:\/\/www.berlin.de\/gerichte\/oberverwaltungsgericht\/presse\/pressemitteilungen\/2024\/pressemitteilung.1434030.php\" target=\"_blank\" rel=\"noopener\">Pressemitteilung<\/a> zum Urteil vom 4. April 2024 \u2013 OVG 6 B 18\/22 &#8211;<\/p>\n<p>&nbsp;<\/p>\n<p>&nbsp;<\/p>\n","protected":false},"excerpt":{"rendered":"<p>Der f\u00fcr das Presserecht zust\u00e4ndige 6. Senat des Oberverwaltungsgerichts Berlin-Brandenburg hatte sich mit einem Auskunftsbegehren \u00fcber Begnadigungen durch den Bundespr\u00e4sidenten zu befassen. Der Kl\u00e4ger ist Projektleiter eines Vereins, der ein [&#8230;]<\/p>\n","protected":false},"author":13,"featured_media":0,"comment_status":"closed","ping_status":"closed","sticky":false,"template":"","format":"standard","meta":{"ngg_post_thumbnail":0,"iawp_total_views":1,"footnotes":""},"categories":[108,68],"tags":[],"class_list":["post-45010","post","type-post","status-publish","format-standard","hentry","category-datenschutz-und-informationsfreiheit","category-recht"],"_links":{"self":[{"href":"https:\/\/iuzb.de\/index.php?rest_route=\/wp\/v2\/posts\/45010","targetHints":{"allow":["GET"]}}],"collection":[{"href":"https:\/\/iuzb.de\/index.php?rest_route=\/wp\/v2\/posts"}],"about":[{"href":"https:\/\/iuzb.de\/index.php?rest_route=\/wp\/v2\/types\/post"}],"author":[{"embeddable":true,"href":"https:\/\/iuzb.de\/index.php?rest_route=\/wp\/v2\/users\/13"}],"replies":[{"embeddable":true,"href":"https:\/\/iuzb.de\/index.php?rest_route=%2Fwp%2Fv2%2Fcomments&post=45010"}],"version-history":[{"count":1,"href":"https:\/\/iuzb.de\/index.php?rest_route=\/wp\/v2\/posts\/45010\/revisions"}],"predecessor-version":[{"id":45011,"href":"https:\/\/iuzb.de\/index.php?rest_route=\/wp\/v2\/posts\/45010\/revisions\/45011"}],"wp:attachment":[{"href":"https:\/\/iuzb.de\/index.php?rest_route=%2Fwp%2Fv2%2Fmedia&parent=45010"}],"wp:term":[{"taxonomy":"category","embeddable":true,"href":"https:\/\/iuzb.de\/index.php?rest_route=%2Fwp%2Fv2%2Fcategories&post=45010"},{"taxonomy":"post_tag","embeddable":true,"href":"https:\/\/iuzb.de\/index.php?rest_route=%2Fwp%2Fv2%2Ftags&post=45010"}],"curies":[{"name":"wp","href":"https:\/\/api.w.org\/{rel}","templated":true}]}}