{"id":44966,"date":"2024-05-05T07:50:02","date_gmt":"2024-05-05T05:50:02","guid":{"rendered":"https:\/\/iuzb.de\/?p=44966"},"modified":"2024-05-17T08:17:47","modified_gmt":"2024-05-17T06:17:47","slug":"16-05-2024-einladung-zur-delegiertenversammlung-der-zaek-berlin","status":"publish","type":"post","link":"https:\/\/iuzb.de\/?p=44966","title":{"rendered":"16.05.2024: Einladung zur Delegiertenversammlung der Z\u00c4K Berlin"},"content":{"rendered":"<p><img loading=\"lazy\" decoding=\"async\" class=\"alignnone wp-image-44967\" src=\"https:\/\/iuzb.de\/wp-content\/uploads\/2024\/03\/2024-03-29-Einladung-DV-ZAeK-Berlin-am-16.05.2024.jpg\" alt=\"\" width=\"492\" height=\"339\" srcset=\"https:\/\/iuzb.de\/wp-content\/uploads\/2024\/03\/2024-03-29-Einladung-DV-ZAeK-Berlin-am-16.05.2024.jpg 697w, https:\/\/iuzb.de\/wp-content\/uploads\/2024\/03\/2024-03-29-Einladung-DV-ZAeK-Berlin-am-16.05.2024-436x300.jpg 436w, https:\/\/iuzb.de\/wp-content\/uploads\/2024\/03\/2024-03-29-Einladung-DV-ZAeK-Berlin-am-16.05.2024-174x120.jpg 174w\" sizes=\"auto, (max-width: 492px) 100vw, 492px\" \/><\/p>\n<p>Tagesordnung:<\/p>\n<table style=\"border-collapse: collapse; width: 100%;\">\n<tbody>\n<tr>\n<td style=\"width: 6.19045%; text-align: left; vertical-align: top;\">1.<\/td>\n<td style=\"width: 5.76183%; text-align: left; vertical-align: top;\">&nbsp;<\/td>\n<td style=\"width: 88.0476%; text-align: left; vertical-align: top;\">Begr\u00fc\u00dfung, Ehrung der Verstorbenen<\/td>\n<\/tr>\n<tr>\n<td style=\"width: 6.19045%; text-align: left; vertical-align: top;\">2.<\/td>\n<td style=\"width: 5.76183%; text-align: left; vertical-align: top;\">&nbsp;<\/td>\n<td style=\"width: 88.0476%; text-align: left; vertical-align: top;\">Protokollgenehmigung, Einspr\u00fcche<\/td>\n<\/tr>\n<tr>\n<td style=\"width: 6.19045%; text-align: left; vertical-align: top;\">3.<\/td>\n<td style=\"width: 5.76183%; text-align: left; vertical-align: top;\">&nbsp;<\/td>\n<td style=\"width: 88.0476%; text-align: left; vertical-align: top;\">Bericht Versorgungswerk<\/td>\n<\/tr>\n<tr>\n<td style=\"width: 6.19045%; text-align: left; vertical-align: top;\">4.<\/td>\n<td style=\"width: 5.76183%; text-align: left; vertical-align: top;\">&nbsp;<\/td>\n<td style=\"width: 88.0476%; text-align: left; vertical-align: top;\">Bericht Philipp-Pfaff-Institut<\/td>\n<\/tr>\n<tr>\n<td style=\"width: 6.19045%; text-align: left; vertical-align: top;\">5.<\/td>\n<td style=\"width: 5.76183%; text-align: left; vertical-align: top;\">&nbsp;<\/td>\n<td style=\"width: 88.0476%; text-align: left; vertical-align: top;\">Bericht des Vorstandes<\/td>\n<\/tr>\n<tr>\n<td style=\"width: 6.19045%; text-align: left; vertical-align: top;\">6.<\/td>\n<td style=\"width: 5.76183%; text-align: left; vertical-align: top;\">&nbsp;<\/td>\n<td style=\"width: 88.0476%; text-align: left; vertical-align: top;\">Fragestunde<\/td>\n<\/tr>\n<tr>\n<td style=\"width: 6.19045%; text-align: left; vertical-align: top;\">7.<\/td>\n<td style=\"width: 5.76183%; text-align: left; vertical-align: top;\">&nbsp;<\/td>\n<td style=\"width: 88.0476%; text-align: left; vertical-align: top;\">Antr\u00e4ge<\/td>\n<\/tr>\n<tr>\n<td style=\"width: 6.19045%; text-align: left; vertical-align: top;\">&nbsp;<\/td>\n<td style=\"width: 5.76183%; text-align: left; vertical-align: top;\">a)<\/td>\n<td style=\"width: 88.0476%; text-align: left; vertical-align: top;\">Nachwahl Delegierte\/r zur Bundesversammlung (NachfolgeDr. F\u00f6rster)<\/td>\n<\/tr>\n<tr>\n<td style=\"width: 6.19045%; text-align: left; vertical-align: top;\">&nbsp;<\/td>\n<td style=\"width: 5.76183%; text-align: left; vertical-align: top;\">b)<\/td>\n<td style=\"width: 88.0476%; text-align: left; vertical-align: top;\">Einladung der Delegierten zur Dental Berlin 2024<\/td>\n<\/tr>\n<tr>\n<td style=\"width: 6.19045%; text-align: left; vertical-align: top;\">&nbsp;<\/td>\n<td style=\"width: 5.76183%; text-align: left; vertical-align: top;\">c)<\/td>\n<td style=\"width: 88.0476%; text-align: left; vertical-align: top;\">Handlungsleitfaden \u201eH\u00e4usliche Gewalt\u201c<\/td>\n<\/tr>\n<tr>\n<td style=\"width: 6.19045%; text-align: left; vertical-align: top;\">&nbsp;<\/td>\n<td style=\"width: 5.76183%; text-align: left; vertical-align: top;\">d)<\/td>\n<td style=\"width: 88.0476%; text-align: left; vertical-align: top;\">Nachtragshaushalt 2023<\/td>\n<\/tr>\n<tr>\n<td style=\"width: 6.19045%; text-align: left; vertical-align: top;\">&nbsp;<\/td>\n<td style=\"width: 5.76183%; text-align: left; vertical-align: top;\">e)<\/td>\n<td style=\"width: 88.0476%; text-align: left; vertical-align: top;\">Entwurf des Entsch\u00e4digungsausschusses \u00fcber eine Entsch\u00e4digungssatzung<\/td>\n<\/tr>\n<tr>\n<td style=\"width: 6.19045%; text-align: left; vertical-align: top;\">8.<\/td>\n<td style=\"width: 5.76183%; text-align: left; vertical-align: top;\">&nbsp;<\/td>\n<td style=\"width: 88.0476%; text-align: left; vertical-align: top;\">Verschiedenes<\/td>\n<\/tr>\n<\/tbody>\n<\/table>\n<p>&nbsp;<\/p>\n<p>&nbsp;<\/p>\n","protected":false},"excerpt":{"rendered":"<p>Tagesordnung: 1. &nbsp; Begr\u00fc\u00dfung, Ehrung der Verstorbenen 2. &nbsp; Protokollgenehmigung, Einspr\u00fcche 3. &nbsp; Bericht Versorgungswerk 4. &nbsp; Bericht Philipp-Pfaff-Institut 5. &nbsp; Bericht des Vorstandes 6. &nbsp; Fragestunde 7. &nbsp; Antr\u00e4ge [&#8230;]<\/p>\n","protected":false},"author":13,"featured_media":44036,"comment_status":"closed","ping_status":"closed","sticky":false,"template":"","format":"standard","meta":{"ngg_post_thumbnail":0,"iawp_total_views":1,"footnotes":""},"categories":[91,46],"tags":[],"class_list":["post-44966","post","type-post","status-publish","format-standard","has-post-thumbnail","hentry","category-delegiertenversammlung","category-zahnaerztekammer-berlin"],"_links":{"self":[{"href":"https:\/\/iuzb.de\/index.php?rest_route=\/wp\/v2\/posts\/44966","targetHints":{"allow":["GET"]}}],"collection":[{"href":"https:\/\/iuzb.de\/index.php?rest_route=\/wp\/v2\/posts"}],"about":[{"href":"https:\/\/iuzb.de\/index.php?rest_route=\/wp\/v2\/types\/post"}],"author":[{"embeddable":true,"href":"https:\/\/iuzb.de\/index.php?rest_route=\/wp\/v2\/users\/13"}],"replies":[{"embeddable":true,"href":"https:\/\/iuzb.de\/index.php?rest_route=%2Fwp%2Fv2%2Fcomments&post=44966"}],"version-history":[{"count":6,"href":"https:\/\/iuzb.de\/index.php?rest_route=\/wp\/v2\/posts\/44966\/revisions"}],"predecessor-version":[{"id":45156,"href":"https:\/\/iuzb.de\/index.php?rest_route=\/wp\/v2\/posts\/44966\/revisions\/45156"}],"wp:featuredmedia":[{"embeddable":true,"href":"https:\/\/iuzb.de\/index.php?rest_route=\/wp\/v2\/media\/44036"}],"wp:attachment":[{"href":"https:\/\/iuzb.de\/index.php?rest_route=%2Fwp%2Fv2%2Fmedia&parent=44966"}],"wp:term":[{"taxonomy":"category","embeddable":true,"href":"https:\/\/iuzb.de\/index.php?rest_route=%2Fwp%2Fv2%2Fcategories&post=44966"},{"taxonomy":"post_tag","embeddable":true,"href":"https:\/\/iuzb.de\/index.php?rest_route=%2Fwp%2Fv2%2Ftags&post=44966"}],"curies":[{"name":"wp","href":"https:\/\/api.w.org\/{rel}","templated":true}]}}