{"id":44960,"date":"2024-03-29T09:58:59","date_gmt":"2024-03-29T08:58:59","guid":{"rendered":"https:\/\/iuzb.de\/?p=44960"},"modified":"2024-04-15T21:34:50","modified_gmt":"2024-04-15T19:34:50","slug":"15-04-2024-termin-zur-vertreterversammlung-der-kzv-berlin","status":"publish","type":"post","link":"https:\/\/iuzb.de\/?p=44960","title":{"rendered":"15.04.2024: Einladung zur Vertreterversammlung der KZV Berlin"},"content":{"rendered":"<p>Die n\u00e4chste Vertreterversammlung findet statt am<\/p>\n<ul>\n<li><strong>Montag, 15.04.2024,<\/strong><\/li>\n<li>von 19:00 &#8211; 23:00 Uhr<\/li>\n<li>in der Kassenzahn\u00e4rztlichen Vereinigung Berlin, <a href=\"https:\/\/www.google.com\/maps\/place\/Georg-Wilhelm-Stra%C3%9Fe+16,+10711+Berlin\/@52.4998197,13.2877256,17z\/data=!3m1!4b1!4m6!3m5!1s0x47a850c50d659dcd:0xd49ebdfe52729679!8m2!3d52.4998197!4d13.2903005!16s%2Fg%2F11c23wkcgy?entry=ttu\" target=\"_blank\" rel=\"noopener\">Georg-Wilhelm-Stra\u00dfe 16, 10711 Berlin<\/a><\/li>\n<\/ul>\n<p>Etwa zwei Wochen vor diesem Termin finden Sie hier<\/p>\n<ul>\n<li><a href=\"https:\/\/www.kzv-berlin.de\/ueber-uns\/organe-und-struktur\/vertreterversammlung\" target=\"_blank\" rel=\"noopener\">https:\/\/www.kzv-berlin.de\/ueber-uns\/organe-und-struktur\/vertreterversammlung<\/a><\/li>\n<\/ul>\n<p>die Tagesordnung.<\/p>\n<p>&nbsp;<\/p>\n<p>&nbsp;<\/p>\n","protected":false},"excerpt":{"rendered":"<p>Die n\u00e4chste Vertreterversammlung findet statt am Montag, 15.04.2024, von 19:00 &#8211; 23:00 Uhr in der Kassenzahn\u00e4rztlichen Vereinigung Berlin, Georg-Wilhelm-Stra\u00dfe 16, 10711 Berlin Etwa zwei Wochen vor diesem Termin finden Sie [&#8230;]<\/p>\n","protected":false},"author":13,"featured_media":44035,"comment_status":"closed","ping_status":"closed","sticky":false,"template":"","format":"standard","meta":{"ngg_post_thumbnail":0,"iawp_total_views":0,"footnotes":""},"categories":[45,97],"tags":[],"class_list":["post-44960","post","type-post","status-publish","format-standard","has-post-thumbnail","hentry","category-kzv-berlin","category-vertreterversammlung-kzv-berlin"],"_links":{"self":[{"href":"https:\/\/iuzb.de\/index.php?rest_route=\/wp\/v2\/posts\/44960","targetHints":{"allow":["GET"]}}],"collection":[{"href":"https:\/\/iuzb.de\/index.php?rest_route=\/wp\/v2\/posts"}],"about":[{"href":"https:\/\/iuzb.de\/index.php?rest_route=\/wp\/v2\/types\/post"}],"author":[{"embeddable":true,"href":"https:\/\/iuzb.de\/index.php?rest_route=\/wp\/v2\/users\/13"}],"replies":[{"embeddable":true,"href":"https:\/\/iuzb.de\/index.php?rest_route=%2Fwp%2Fv2%2Fcomments&post=44960"}],"version-history":[{"count":8,"href":"https:\/\/iuzb.de\/index.php?rest_route=\/wp\/v2\/posts\/44960\/revisions"}],"predecessor-version":[{"id":45041,"href":"https:\/\/iuzb.de\/index.php?rest_route=\/wp\/v2\/posts\/44960\/revisions\/45041"}],"wp:featuredmedia":[{"embeddable":true,"href":"https:\/\/iuzb.de\/index.php?rest_route=\/wp\/v2\/media\/44035"}],"wp:attachment":[{"href":"https:\/\/iuzb.de\/index.php?rest_route=%2Fwp%2Fv2%2Fmedia&parent=44960"}],"wp:term":[{"taxonomy":"category","embeddable":true,"href":"https:\/\/iuzb.de\/index.php?rest_route=%2Fwp%2Fv2%2Fcategories&post=44960"},{"taxonomy":"post_tag","embeddable":true,"href":"https:\/\/iuzb.de\/index.php?rest_route=%2Fwp%2Fv2%2Ftags&post=44960"}],"curies":[{"name":"wp","href":"https:\/\/api.w.org\/{rel}","templated":true}]}}