{"id":44935,"date":"2024-03-27T06:46:55","date_gmt":"2024-03-27T05:46:55","guid":{"rendered":"https:\/\/iuzb.de\/?p=44935"},"modified":"2024-03-27T06:50:39","modified_gmt":"2024-03-27T05:50:39","slug":"44935","status":"publish","type":"post","link":"https:\/\/iuzb.de\/?p=44935","title":{"rendered":"Online-Ausweis in EU-Staaten"},"content":{"rendered":"<p>Der Rat der Regierungsvertreter der EU-Mitgliedsstaaten hat gestern endg\u00fcltig zwei Normentw\u00fcrfe bef\u00fcrwortet.<\/p>\n<p>Damit sollen Nutzer freiwillig ihre nationale eID insbesondere auf Mobilger\u00e4ten speichern und mit Nachweisen anderer pers\u00f6nlicher Attribute wie F\u00fchrerschein, Zahlungsdaten und \u00e4rztlichen Rezepten verkn\u00fcpfen k\u00f6nnen:<\/p>\n<p>Heise, 26.03.2024:<\/p>\n<ul>\n<li><a href=\"https:\/\/www.heise.de\/news\/EU-Staaten-billigen-Online-Ausweis-und-Medienfreiheitsverordnung-9667926.html\" target=\"_blank\" rel=\"noopener\">EU-Staaten billigen Online-Ausweis und Medienfreiheitsverordnung<\/a><\/li>\n<\/ul>\n<p>&nbsp;<\/p>\n<p>&nbsp;<\/p>\n<p><span style=\"text-decoration: underline;\">Weiterf\u00fchrend:<\/span><\/p>\n<p>EU Rat, 26.03.2024:<\/p>\n<ul>\n<li><a href=\"https:\/\/www.consilium.europa.eu\/de\/press\/press-releases\/2024\/03\/26\/european-digital-identity-eid-council-adopts-legal-framework-on-a-secure-and-trustworthy-digital-wallet-for-all-europeans\/\" target=\"_blank\" rel=\"noopener\">Europ\u00e4ische digitale Identit\u00e4t (eID): Rat verabschiedet Rechtsrahmen f\u00fcr eine sichere und vertrauensw\u00fcrdige digitale Geldb\u00f6rse f\u00fcr alle Europ\u00e4er<\/a><\/li>\n<\/ul>\n","protected":false},"excerpt":{"rendered":"<p>Der Rat der Regierungsvertreter der EU-Mitgliedsstaaten hat gestern endg\u00fcltig zwei Normentw\u00fcrfe bef\u00fcrwortet. Damit sollen Nutzer freiwillig ihre nationale eID insbesondere auf Mobilger\u00e4ten speichern und mit Nachweisen anderer pers\u00f6nlicher Attribute wie [&#8230;]<\/p>\n","protected":false},"author":13,"featured_media":0,"comment_status":"closed","ping_status":"closed","sticky":false,"template":"","format":"standard","meta":{"ngg_post_thumbnail":0,"iawp_total_views":2,"footnotes":""},"categories":[108,369],"tags":[],"class_list":["post-44935","post","type-post","status-publish","format-standard","hentry","category-datenschutz-und-informationsfreiheit","category-digitalisierung"],"_links":{"self":[{"href":"https:\/\/iuzb.de\/index.php?rest_route=\/wp\/v2\/posts\/44935","targetHints":{"allow":["GET"]}}],"collection":[{"href":"https:\/\/iuzb.de\/index.php?rest_route=\/wp\/v2\/posts"}],"about":[{"href":"https:\/\/iuzb.de\/index.php?rest_route=\/wp\/v2\/types\/post"}],"author":[{"embeddable":true,"href":"https:\/\/iuzb.de\/index.php?rest_route=\/wp\/v2\/users\/13"}],"replies":[{"embeddable":true,"href":"https:\/\/iuzb.de\/index.php?rest_route=%2Fwp%2Fv2%2Fcomments&post=44935"}],"version-history":[{"count":5,"href":"https:\/\/iuzb.de\/index.php?rest_route=\/wp\/v2\/posts\/44935\/revisions"}],"predecessor-version":[{"id":44940,"href":"https:\/\/iuzb.de\/index.php?rest_route=\/wp\/v2\/posts\/44935\/revisions\/44940"}],"wp:attachment":[{"href":"https:\/\/iuzb.de\/index.php?rest_route=%2Fwp%2Fv2%2Fmedia&parent=44935"}],"wp:term":[{"taxonomy":"category","embeddable":true,"href":"https:\/\/iuzb.de\/index.php?rest_route=%2Fwp%2Fv2%2Fcategories&post=44935"},{"taxonomy":"post_tag","embeddable":true,"href":"https:\/\/iuzb.de\/index.php?rest_route=%2Fwp%2Fv2%2Ftags&post=44935"}],"curies":[{"name":"wp","href":"https:\/\/api.w.org\/{rel}","templated":true}]}}