{"id":44880,"date":"2024-03-22T21:01:48","date_gmt":"2024-03-22T20:01:48","guid":{"rendered":"https:\/\/iuzb.de\/?p=44880"},"modified":"2024-03-22T21:04:08","modified_gmt":"2024-03-22T20:04:08","slug":"eugh-fingerabdruecke-auf-perso-rechtmaessig-neue-verordnung-noetig","status":"publish","type":"post","link":"https:\/\/iuzb.de\/?p=44880","title":{"rendered":"EuGH: Fingerabdr\u00fccke auf Perso rechtm\u00e4\u00dfig \u2013 neue Verordnung n\u00f6tig"},"content":{"rendered":"<p>Computerbild, 21.03.2024:<\/p>\n<ul>\n<li><a href=\"https:\/\/www.computerbild.de\/artikel\/cb-News-Sicherheit-EuGH-Fingerabdruecke-auf-Perso-rechtmaessig-neue-Verordnung-noetig-38179823.html\" target=\"_blank\" rel=\"noopener\">EuGH: Fingerabdr\u00fccke auf Perso rechtm\u00e4\u00dfig \u2013 neue Verordnung n\u00f6tig<\/a><\/li>\n<\/ul>\n<p>&nbsp;<\/p>\n<p>Digitalcourage e.\u200aV. setzt, interessenorientiert, einen anderen, zuversichtlicheren Schwerpunkt:<\/p>\n<ul>\n<li><a href=\"https:\/\/digitalcourage.de\/blog\/2024\/perso-fingerabdruecke-speicherpflicht-ist-angezaehlt\" target=\"_blank\" rel=\"noopener\">Fingerabdruckpflicht ist angez\u00e4hlt<\/a><\/li>\n<\/ul>\n<blockquote><p>Das bedeutet: alle, die einen Personalausweis beantragen, m\u00fcssen zur Zeit weiterhin ihre Fingerabdr\u00fccke abgeben.<\/p><\/blockquote>\n<blockquote><p>Doch die Uhr tickt f\u00fcr die Speicherpflicht: Wenn bis Ende 2026 keine neue Verordnung beschlossen wurde, entf\u00e4llt die Fingerabdruckpflicht. Und das wird diesmal schwieriger, denn mit dem korrekten Gesetzgebungsverfahren reicht ein einziger EU-Staat, um die Verordnung abzulehnen.<br \/>\nDas hei\u00dft: Das Thema ist zur\u00fcck auf der politischen Agenda!<\/p><\/blockquote>\n<p><a href=\"https:\/\/curia.europa.eu\/juris\/document\/document.jsf?docid=284083&amp;mode=lst&amp;pageIndex=1&amp;dir=&amp;occ=first&amp;part=1&amp;text=&amp;doclang=DE&amp;cid=4523504\" target=\"_blank\" rel=\"noopener\">Das ganze Urteil auf der Website des EuGH lesen.<\/a><\/p>\n","protected":false},"excerpt":{"rendered":"<p>Computerbild, 21.03.2024: EuGH: Fingerabdr\u00fccke auf Perso rechtm\u00e4\u00dfig \u2013 neue Verordnung n\u00f6tig &nbsp; Digitalcourage e.\u200aV. setzt, interessenorientiert, einen anderen, zuversichtlicheren Schwerpunkt: Fingerabdruckpflicht ist angez\u00e4hlt Das bedeutet: alle, die einen Personalausweis beantragen, [&#8230;]<\/p>\n","protected":false},"author":13,"featured_media":0,"comment_status":"closed","ping_status":"closed","sticky":false,"template":"","format":"standard","meta":{"ngg_post_thumbnail":0,"iawp_total_views":1,"footnotes":""},"categories":[108,84,68],"tags":[],"class_list":["post-44880","post","type-post","status-publish","format-standard","hentry","category-datenschutz-und-informationsfreiheit","category-eugh","category-recht"],"_links":{"self":[{"href":"https:\/\/iuzb.de\/index.php?rest_route=\/wp\/v2\/posts\/44880","targetHints":{"allow":["GET"]}}],"collection":[{"href":"https:\/\/iuzb.de\/index.php?rest_route=\/wp\/v2\/posts"}],"about":[{"href":"https:\/\/iuzb.de\/index.php?rest_route=\/wp\/v2\/types\/post"}],"author":[{"embeddable":true,"href":"https:\/\/iuzb.de\/index.php?rest_route=\/wp\/v2\/users\/13"}],"replies":[{"embeddable":true,"href":"https:\/\/iuzb.de\/index.php?rest_route=%2Fwp%2Fv2%2Fcomments&post=44880"}],"version-history":[{"count":5,"href":"https:\/\/iuzb.de\/index.php?rest_route=\/wp\/v2\/posts\/44880\/revisions"}],"predecessor-version":[{"id":44885,"href":"https:\/\/iuzb.de\/index.php?rest_route=\/wp\/v2\/posts\/44880\/revisions\/44885"}],"wp:attachment":[{"href":"https:\/\/iuzb.de\/index.php?rest_route=%2Fwp%2Fv2%2Fmedia&parent=44880"}],"wp:term":[{"taxonomy":"category","embeddable":true,"href":"https:\/\/iuzb.de\/index.php?rest_route=%2Fwp%2Fv2%2Fcategories&post=44880"},{"taxonomy":"post_tag","embeddable":true,"href":"https:\/\/iuzb.de\/index.php?rest_route=%2Fwp%2Fv2%2Ftags&post=44880"}],"curies":[{"name":"wp","href":"https:\/\/api.w.org\/{rel}","templated":true}]}}