{"id":44851,"date":"2024-03-21T11:48:53","date_gmt":"2024-03-21T10:48:53","guid":{"rendered":"https:\/\/iuzb.de\/?p=44851"},"modified":"2024-03-21T11:48:53","modified_gmt":"2024-03-21T10:48:53","slug":"schnelle-tarifeinigung-nach-intensiven-und-konstruktiven-verhandlungen-hoehere-entgelte-und-attraktivere-arbeitsbedingungen-fuer-aerztinnen-bei-vivantes","status":"publish","type":"post","link":"https:\/\/iuzb.de\/?p=44851","title":{"rendered":"Schnelle Tarifeinigung nach intensiven und konstruktiven Verhandlungen &#8211; H\u00f6here Entgelte und attraktivere Arbeitsbedingungen f\u00fcr \u00c4rzt*innen bei Vivantes"},"content":{"rendered":"<p style=\"text-align: justify;\">Vivantes hat sich mit der \u00c4rztegewerkschaft Marburger Bund auf ein Eckpunktepapier zu h\u00f6heren Entgelten und attraktiveren Arbeitsbedingungen geeinigt. Die Laufzeit des Tarifvertrags betr\u00e4gt zwei Jahre und endet am 31. Dezember 2025.<\/p>\n<ul style=\"text-align: justify;\">\n<li>Im laufenden Jahr steigen die Tabellenentgelte r\u00fcckwirkend zum 1. Januar zun\u00e4chst um <strong>2,5%<\/strong><\/li>\n<li>und ab 1. Juli dann nochmals um <strong>4,5%<\/strong>.<\/li>\n<li>Am 1. Januar 2025 folgt eine weitere Erh\u00f6hung um <strong>3% <\/strong><\/li>\n<li>und am 1. Juli 2025 nochmals um <strong>1,5%<\/strong>.<\/li>\n<\/ul>\n<p style=\"text-align: justify;\">F\u00fcr die rund 2.500 \u00c4rzt*innen bei Vivantes f\u00fchrt der Tarifabschluss damit \u00fcber die gesamte Laufzeit zu einer Erh\u00f6hung ihrer Tabellenentgelte um rund <strong>12%<\/strong>.<\/p>\n<p style=\"text-align: justify;\">Dorothea Schmidt, Gesch\u00e4ftsf\u00fchrerin Personalmanagement:<\/p>\n<blockquote>\n<p style=\"text-align: justify;\">\u201eDie Verhandlungen mit dem Marburger Bund waren ausgesprochen intensiv und konstruktiv. Beide Tarifparteien einte von Beginn an der gemeinsame Wille, mit einem z\u00fcgigen Tarifabschluss die Arbeits- und Verg\u00fctungsbedingungen unserer \u00c4rzt*innen weiter zu verbessern und die \u00e4rztliche T\u00e4tigkeit bei Vivantes damit noch attraktiver zu machen. Dennoch stellt dieser Abschluss Vivantes vor zus\u00e4tzliche wirtschaftliche Herausforderungen. Auch die finanziellen Mittel, welche wir im Zuge dieses Tarifabschlusses aufwenden, m\u00fcssen zun\u00e4chst erwirtschaftet werden. Vor diesem Hintergrund erwarten wir nat\u00fcrlich auch weiterhin von jeder und jedem unserer \u00c4rztinnen und \u00c4rzte ihren kontinuierlichen und engagierten Einsatz im Sinne unserer Patientinnen und Patienten und der wirtschaftlichen Stabilisierung und Zukunftssicherung von Vivantes.\u201c<\/p>\n<\/blockquote>\n<p style=\"text-align: justify;\">Noch mehr Planungssicherheit und Begrenzung bei Bereitschafts- und Wochenenddiensten<\/p>\n<p style=\"text-align: justify;\">Neben den Entgelterh\u00f6hungen vereinbarten Vivantes und der Marburger Bund deutliche Verbesserungen bei den Arbeitszeitregelungen. So wird beispielsweise die Zahl der Bereitschaftsdienste auf sechs pro Monat begrenzt, zudem sollen sie mindestens einen Monat im Voraus geplant sein. Daneben wird die Arbeit auf zwei Wochenenden pro Monat beschr\u00e4nkt.<\/p>\n<p style=\"text-align: justify;\">Die Tarifeinigung steht noch bis zum 28. M\u00e4rz 2024 unter dem Zustimmungsvorbehalt der beiden Tarifparteien und tritt r\u00fcckwirkend zum 1. Januar 2024 in Kraft.<\/p>\n<p>Quelle: Vivantes Netzwerk f\u00fcr Gesundheit GmbH, <a href=\"https:\/\/www.vivantes.de\/unternehmen\/presse\/pressemitteilungen\/presse-detail\/news\/tarifeinigung-aerzte-aerztinnen-bei-vivantes\" target=\"_blank\" rel=\"noopener\">Pressemitteilung vom 21.03.2024<\/a><\/p>\n","protected":false},"excerpt":{"rendered":"<p>Vivantes hat sich mit der \u00c4rztegewerkschaft Marburger Bund auf ein Eckpunktepapier zu h\u00f6heren Entgelten und attraktiveren Arbeitsbedingungen geeinigt. Die Laufzeit des Tarifvertrags betr\u00e4gt zwei Jahre und endet am 31. Dezember [&#8230;]<\/p>\n","protected":false},"author":13,"featured_media":0,"comment_status":"closed","ping_status":"closed","sticky":false,"template":"","format":"standard","meta":{"ngg_post_thumbnail":0,"iawp_total_views":0,"footnotes":""},"categories":[177,284],"tags":[],"class_list":["post-44851","post","type-post","status-publish","format-standard","hentry","category-berlin","category-vivantes"],"_links":{"self":[{"href":"https:\/\/iuzb.de\/index.php?rest_route=\/wp\/v2\/posts\/44851","targetHints":{"allow":["GET"]}}],"collection":[{"href":"https:\/\/iuzb.de\/index.php?rest_route=\/wp\/v2\/posts"}],"about":[{"href":"https:\/\/iuzb.de\/index.php?rest_route=\/wp\/v2\/types\/post"}],"author":[{"embeddable":true,"href":"https:\/\/iuzb.de\/index.php?rest_route=\/wp\/v2\/users\/13"}],"replies":[{"embeddable":true,"href":"https:\/\/iuzb.de\/index.php?rest_route=%2Fwp%2Fv2%2Fcomments&post=44851"}],"version-history":[{"count":1,"href":"https:\/\/iuzb.de\/index.php?rest_route=\/wp\/v2\/posts\/44851\/revisions"}],"predecessor-version":[{"id":44852,"href":"https:\/\/iuzb.de\/index.php?rest_route=\/wp\/v2\/posts\/44851\/revisions\/44852"}],"wp:attachment":[{"href":"https:\/\/iuzb.de\/index.php?rest_route=%2Fwp%2Fv2%2Fmedia&parent=44851"}],"wp:term":[{"taxonomy":"category","embeddable":true,"href":"https:\/\/iuzb.de\/index.php?rest_route=%2Fwp%2Fv2%2Fcategories&post=44851"},{"taxonomy":"post_tag","embeddable":true,"href":"https:\/\/iuzb.de\/index.php?rest_route=%2Fwp%2Fv2%2Ftags&post=44851"}],"curies":[{"name":"wp","href":"https:\/\/api.w.org\/{rel}","templated":true}]}}