{"id":44849,"date":"2024-03-21T08:08:58","date_gmt":"2024-03-21T07:08:58","guid":{"rendered":"https:\/\/iuzb.de\/?p=44849"},"modified":"2025-09-05T20:38:47","modified_gmt":"2025-09-05T18:38:47","slug":"laut-%c2%a7-12-der-geschaeftsordnung-des-bundestags-go-bt-ist-die-regelung-des-vorsitzes-in-den-ausschuessen-im-verhaeltnis-der-staerke-der-einzelnen-fraktionen-vorzunehmen","status":"publish","type":"post","link":"https:\/\/iuzb.de\/?p=44849","title":{"rendered":"Laut \u00a7 12 der Gesch\u00e4ftsordnung des Bundestags (GO-BT) ist &#8222;die Regelung des Vorsitzes in den Aussch\u00fcssen im Verh\u00e4ltnis der St\u00e4rke der einzelnen Fraktionen vorzunehmen.&#8220;"},"content":{"rendered":"<p>Was bedeutet das in der Praxis?<br \/>\nUnd: Kann ein Ausschussvorsitzender auch abgew\u00e4hlt werden?<\/p>\n<p>Diese Rechtsfragen kl\u00e4rt aktuell das Bundesverfassungsgericht und will hier wohl Grundsatzurteile f\u00e4llen:<\/p>\n<p>LTO, 20.03.2024:<\/p>\n<ul>\n<li>BVerfG verhandelt \u00fcber Ausschussvorsitze f\u00fcr AfD im Bundestag<br \/>\n<a href=\"https:\/\/www.lto.de\/recht\/hintergruende\/h\/ausschussvorsitz-afd-verhandlung-bverfg\/\" target=\"_blank\" rel=\"noopener\">Eine Frage des Ver\u00adtrauens<\/a><\/li>\n<\/ul>\n<p>&nbsp;<\/p>\n<p>&nbsp;<\/p>\n<p>&#8212;&#8212;&#8212;&#8212;&#8212;<\/p>\n<p>Deutscher Bundestag, 13.11.2019:<\/p>\n<ul>\n<li><a href=\"https:\/\/www.bundestag.de\/dokumente\/textarchiv\/2019\/kw46-pa-rechtsausschuss-brandner-668074\" target=\"_blank\" rel=\"noopener\">Rechtsausschuss beruft Stephan Brandner als Vorsitzenden ab<\/a><\/li>\n<\/ul>\n","protected":false},"excerpt":{"rendered":"<p>Was bedeutet das in der Praxis? Und: Kann ein Ausschussvorsitzender auch abgew\u00e4hlt werden? Diese Rechtsfragen kl\u00e4rt aktuell das Bundesverfassungsgericht und will hier wohl Grundsatzurteile f\u00e4llen: LTO, 20.03.2024: BVerfG verhandelt \u00fcber [&#8230;]<\/p>\n","protected":false},"author":13,"featured_media":0,"comment_status":"closed","ping_status":"closed","sticky":false,"template":"","format":"standard","meta":{"ngg_post_thumbnail":0,"iawp_total_views":2,"footnotes":""},"categories":[169,68,81],"tags":[],"class_list":["post-44849","post","type-post","status-publish","format-standard","hentry","category-bverfg","category-recht","category-spiegelbildlichkeit"],"_links":{"self":[{"href":"https:\/\/iuzb.de\/index.php?rest_route=\/wp\/v2\/posts\/44849","targetHints":{"allow":["GET"]}}],"collection":[{"href":"https:\/\/iuzb.de\/index.php?rest_route=\/wp\/v2\/posts"}],"about":[{"href":"https:\/\/iuzb.de\/index.php?rest_route=\/wp\/v2\/types\/post"}],"author":[{"embeddable":true,"href":"https:\/\/iuzb.de\/index.php?rest_route=\/wp\/v2\/users\/13"}],"replies":[{"embeddable":true,"href":"https:\/\/iuzb.de\/index.php?rest_route=%2Fwp%2Fv2%2Fcomments&post=44849"}],"version-history":[{"count":1,"href":"https:\/\/iuzb.de\/index.php?rest_route=\/wp\/v2\/posts\/44849\/revisions"}],"predecessor-version":[{"id":44850,"href":"https:\/\/iuzb.de\/index.php?rest_route=\/wp\/v2\/posts\/44849\/revisions\/44850"}],"wp:attachment":[{"href":"https:\/\/iuzb.de\/index.php?rest_route=%2Fwp%2Fv2%2Fmedia&parent=44849"}],"wp:term":[{"taxonomy":"category","embeddable":true,"href":"https:\/\/iuzb.de\/index.php?rest_route=%2Fwp%2Fv2%2Fcategories&post=44849"},{"taxonomy":"post_tag","embeddable":true,"href":"https:\/\/iuzb.de\/index.php?rest_route=%2Fwp%2Fv2%2Ftags&post=44849"}],"curies":[{"name":"wp","href":"https:\/\/api.w.org\/{rel}","templated":true}]}}