{"id":44757,"date":"2024-03-12T17:45:50","date_gmt":"2024-03-12T16:45:50","guid":{"rendered":"https:\/\/iuzb.de\/?p=44757"},"modified":"2024-03-12T17:54:49","modified_gmt":"2024-03-12T16:54:49","slug":"gestern-hat-das-bmg-die-vorlaeufigen-gkv-finanzergebnisse-fuer-das-jahr-2023-bekanntgegeben-vor-diesem-hintergrund-macht-die-kzv-hessen-auf-einen-wichtigen-sachverhalt-aufmerksam","status":"publish","type":"post","link":"https:\/\/iuzb.de\/?p=44757","title":{"rendered":"Gestern hat das BMG die vorl\u00e4ufigen GKV-Finanzergebnisse f\u00fcr das Jahr 2023 bekanntgegeben. Vor diesem Hintergrund macht die KZV Hessen auf einen wichtigen Sachverhalt aufmerksam:"},"content":{"rendered":"<p><strong><span style=\"color: #000000;\">Deutlich geringeres Ausgaben-Defizit der GKV f\u00fcr das Jahr 2023 als prognostiziert:<\/span><\/strong><br \/>\n<span style=\"color: #ff0000;\">Stellungnahme der KZV Hessen<\/span><\/p>\n<p><strong><span style=\"font-size: 14pt;\">\u201ePatienten bezahlen mit ihrer Gesundheit\u201c<\/span><\/strong><\/p>\n<p style=\"text-align: justify;\">Frankfurt am Main, 12. M\u00e4rz 2024. Bei den Ausgaben der gesetzlichen Krankenversicherung (GKV) f\u00fcr das Jahr 2023 prognostizierte das Bundesgesundheitsministerium (BMG) ein <a href=\"https:\/\/www.bundesgesundheitsministerium.de\/presse\/pressemitteilungen\/gesetzentwurf-zum-gkv-finanzstabilisierungsgesetz.html\" target=\"_blank\" rel=\"noopener\">Defizit von 17 Mrd. und brachte das GKV-Finanzstabilisierungsgesetz (GKV-FinStG) auf den Weg<\/a>. Die finanziellen Lasten des mit deutlichen Sparma\u00dfnahmen verbundenen Gesetzes wurden \u201eauf die Krankenkassen, den Bund, Leistungserbringer und die Beitragszahlenden verteilt\u201c. Nun gab Bundesgesundheitsminister Prof. Dr. Karl Lauterbach bekannt, dass sich vorl\u00e4ufigen Finanzergebnissen zufolge der <a href=\"https:\/\/www.bundesgesundheitsministerium.de\/presse\/pressemitteilungen\/vorlaeufige-gkv-finanzergebnisse-2023\" target=\"_blank\" rel=\"noopener\">\u201eAusgaben-\u00dcberschuss\u201c der GKV auf 1,9 Mrd. statt 17 Mrd.<\/a> bel\u00e4uft.<\/p>\n<p style=\"text-align: justify;\">\u201eEs war verantwortungslos, der zahnmedizinischen Versorgung von Patientinnen und Patienten Geld zu entziehen und damit wichtige, notwendige Therapien zu verhindern\u201c, sagt <a href=\"https:\/\/www.kzvh.de\/die-kzvh\/vorstand\/index.html\" target=\"_blank\" rel=\"noopener\">Stephan Allroggen, Vorstandsvorsitzender der Kassenzahn\u00e4rztlichen Vereinigung Hessen<\/a>. \u201eDie Sparma\u00dfnahmen des BMG gehen klar zulasten der Gesundheit unserer Patienten. Die Behandlungsf\u00e4lle der Volkskrankheit Parodontitis sind zur\u00fcckgegangen, obwohl die Zahl der an Parodontitis erkrankten Menschen nicht geringer geworden ist. Wie sich jetzt zeigt, haben die sehr hoch angesetzten Prognosen des BMG zum GKV-Finanzdefizit nicht gestimmt. Ein umgehendes finanzielles Ausgleichsverfahren ist nun erforderlich, um \u00fcber die dringend ben\u00f6tigten Mittel f\u00fcr die Parodontitistherapie verf\u00fcgen zu k\u00f6nnen. Nur so l\u00e4sst sich eine absehbare Verschlechterung der Mundgesundheit und anderer Krankheitsbilder, die mit Parodontitis einhergehen, erfolgreich verhindern.\u201c<\/p>\n<table style=\"border-collapse: collapse; width: 100%;\">\n<tbody>\n<tr>\n<td style=\"width: 100%; text-align: justify; border-style: solid; background-color: #d3d3d3; vertical-align: top;\"><strong>Wechselwirkung von Parodontitis mit Allgemeinerkrankungen<\/strong><br \/>\nBei der Volkskrankheit Parodontitis handelt es sich um eine schwerwiegende Erkrankung des Zahnhalteapparates, der die Kieferknochen mit den Z\u00e4hnen verbindet. Die Volkskrankheit ist nicht nur die Hauptursache f\u00fcr den Verlust von Z\u00e4hnen bei Erwachsenen: Internationale Forschungsergebnisse belegen die Verbindung von Parodontitis mit schwerwiegenden Allgemeinerkrankungen wie Diabetes, Herz-Kreislauf-Erkrankungen und anderen chronischen Leiden. Allein in Deutschland sind rund 30 Millionen Patientinnen und Patienten von Parodontitis betroffen.<\/td>\n<\/tr>\n<\/tbody>\n<\/table>\n<p>&nbsp;<\/p>\n<table style=\"border-collapse: collapse; width: 100%;\">\n<tbody>\n<tr>\n<td style=\"width: 100%; text-align: justify; border-style: solid; background-color: #d3d3d3; vertical-align: top;\"><strong>R\u00fcckgang der Behandlungsf\u00e4lle<\/strong><br \/>\nIm Zusammenwirken mit den Krankenkassen ist die KZV Hessen die Selbstverwaltung aller Vertragszahn\u00e4rztinnen und Vertragszahn\u00e4rzte in Hessen. Sie erfasst, pr\u00fcft und analysiert das zahn\u00e4rztliche Abrechnungsgeschehen in Hessen.<br \/>\n\u2022 Nach Einf\u00fchrung der <a href=\"https:\/\/www.kzvh.de\/presse\/pressearchiv\/KZVHO079197.html\" target=\"_blank\" rel=\"noopener\">neuen Behandlungsstrecke bei Parodontitis zum 1. Juli 2021<\/a> war die Zahl der Neubehandlungen deutlich gestiegen.<br \/>\n\u2022 Seit dem Inkrafttreten des GKV-FinStG im Jahr 2023 ging die Anzahl der Neubehandlungsf\u00e4lle von Parodontitis zur\u00fcck und sinkt auch weiterhin.<\/td>\n<\/tr>\n<\/tbody>\n<\/table>\n<p>&nbsp;<\/p>\n<p>Quelle: KZV Hessen, <a href=\"https:\/\/www.kzvh.de\/presse\/pressemitteilung\/index.html#\" target=\"_blank\" rel=\"noopener\">Pressemitteilung vom 12.03.2023<\/a><\/p>\n","protected":false},"excerpt":{"rendered":"<p>Deutlich geringeres Ausgaben-Defizit der GKV f\u00fcr das Jahr 2023 als prognostiziert: Stellungnahme der KZV Hessen \u201ePatienten bezahlen mit ihrer Gesundheit\u201c Frankfurt am Main, 12. M\u00e4rz 2024. Bei den Ausgaben der [&#8230;]<\/p>\n","protected":false},"author":13,"featured_media":0,"comment_status":"closed","ping_status":"closed","sticky":false,"template":"","format":"standard","meta":{"ngg_post_thumbnail":0,"iawp_total_views":1,"footnotes":""},"categories":[290,325,291],"tags":[],"class_list":["post-44757","post","type-post","status-publish","format-standard","hentry","category-bundesgesundheitsministerium","category-gkv-finanzstabilisierungsgesetz-2022-23","category-parodontitis"],"_links":{"self":[{"href":"https:\/\/iuzb.de\/index.php?rest_route=\/wp\/v2\/posts\/44757","targetHints":{"allow":["GET"]}}],"collection":[{"href":"https:\/\/iuzb.de\/index.php?rest_route=\/wp\/v2\/posts"}],"about":[{"href":"https:\/\/iuzb.de\/index.php?rest_route=\/wp\/v2\/types\/post"}],"author":[{"embeddable":true,"href":"https:\/\/iuzb.de\/index.php?rest_route=\/wp\/v2\/users\/13"}],"replies":[{"embeddable":true,"href":"https:\/\/iuzb.de\/index.php?rest_route=%2Fwp%2Fv2%2Fcomments&post=44757"}],"version-history":[{"count":12,"href":"https:\/\/iuzb.de\/index.php?rest_route=\/wp\/v2\/posts\/44757\/revisions"}],"predecessor-version":[{"id":44769,"href":"https:\/\/iuzb.de\/index.php?rest_route=\/wp\/v2\/posts\/44757\/revisions\/44769"}],"wp:attachment":[{"href":"https:\/\/iuzb.de\/index.php?rest_route=%2Fwp%2Fv2%2Fmedia&parent=44757"}],"wp:term":[{"taxonomy":"category","embeddable":true,"href":"https:\/\/iuzb.de\/index.php?rest_route=%2Fwp%2Fv2%2Fcategories&post=44757"},{"taxonomy":"post_tag","embeddable":true,"href":"https:\/\/iuzb.de\/index.php?rest_route=%2Fwp%2Fv2%2Ftags&post=44757"}],"curies":[{"name":"wp","href":"https:\/\/api.w.org\/{rel}","templated":true}]}}