{"id":44668,"date":"2024-03-09T12:47:20","date_gmt":"2024-03-09T11:47:20","guid":{"rendered":"https:\/\/iuzb.de\/?p=44668"},"modified":"2024-03-21T11:53:57","modified_gmt":"2024-03-21T10:53:57","slug":"vorstandsverguetungen-kzbv-und-kzven-2023","status":"publish","type":"post","link":"https:\/\/iuzb.de\/?p=44668","title":{"rendered":"Vorstandsverg\u00fctungen KZBV und KZVen 2023 &#8211; Vorstandsverg\u00fctungen KZV Berlin"},"content":{"rendered":"<p style=\"text-align: justify;\">Gem\u00e4\u00df <a href=\"https:\/\/www.sozialgesetzbuch-sgb.de\/sgbv\/79.html\" target=\"_blank\" rel=\"noopener\">\u00a7 79 Abs. 4 SGB V<\/a> sind die j\u00e4hrlichen Verg\u00fctungen der einzelnen Vorstandsmitglieder der Kassenzahn\u00e4rztlichen Vereinigungen einschlie\u00dflich Nebenleistungen sowie die wesentlichen Versorgungsregelungen in einer \u00dcbersicht j\u00e4hrlich zum 1. M\u00e4rz zu ver\u00f6ffentlichen.<\/p>\n<p style=\"text-align: justify;\">Hier die entsprechende <a href=\"https:\/\/www.kzbv.de\/aufgaben-und-finanzierung.353.de.html\" target=\"_blank\" rel=\"noopener\">Bekanntmachung auf der Webseite der KZVB<\/a>:<\/p>\n<ul style=\"text-align: justify;\">\n<li><a href=\"https:\/\/www.kzbv.de\/kzbv-kzv-veroeffentlichung-vorstandsverguetungen.download.7d25f16d3013081a51a714184c231db7.pdf\" target=\"_blank\" rel=\"noopener\">Ver\u00f6ffentlichung der H\u00f6he der Vorstandsverg\u00fctungen 2023 einschlie\u00dflich aller Nebenleistungen und s\u00e4mtlicher Versorgungsregelungen gem. \u00a7 79 Abs. 4 SGB V (Jahresbeitr\u00e4ge)<\/a><\/li>\n<\/ul>\n<p>&nbsp;<\/p>\n<p style=\"text-align: justify;\">Sowie als Auszug die Verg\u00fctungen der KZV Berlin:<\/p>\n<p style=\"text-align: justify;\"><span style=\"color: #ff0000;\"><a href=\"https:\/\/www.kzbv.de\/kzbv-kzv-veroeffentlichung-vorstandsverguetungen.download.7d25f16d3013081a51a714184c231db7.pdf\"><img loading=\"lazy\" decoding=\"async\" class=\"alignnone size-full wp-image-44678\" src=\"https:\/\/iuzb.de\/wp-content\/uploads\/2024\/03\/2023-Vorstandsverguetungen-KZV-Berlin-Auszug-Es-gilt-die-offizielle-Original-Bekanntmachung-iuzb-vom-09.03.2024.jpg\" alt=\"\" width=\"976\" height=\"639\" srcset=\"https:\/\/iuzb.de\/wp-content\/uploads\/2024\/03\/2023-Vorstandsverguetungen-KZV-Berlin-Auszug-Es-gilt-die-offizielle-Original-Bekanntmachung-iuzb-vom-09.03.2024.jpg 976w, https:\/\/iuzb.de\/wp-content\/uploads\/2024\/03\/2023-Vorstandsverguetungen-KZV-Berlin-Auszug-Es-gilt-die-offizielle-Original-Bekanntmachung-iuzb-vom-09.03.2024-450x295.jpg 450w, https:\/\/iuzb.de\/wp-content\/uploads\/2024\/03\/2023-Vorstandsverguetungen-KZV-Berlin-Auszug-Es-gilt-die-offizielle-Original-Bekanntmachung-iuzb-vom-09.03.2024-183x120.jpg 183w, https:\/\/iuzb.de\/wp-content\/uploads\/2024\/03\/2023-Vorstandsverguetungen-KZV-Berlin-Auszug-Es-gilt-die-offizielle-Original-Bekanntmachung-iuzb-vom-09.03.2024-768x503.jpg 768w\" sizes=\"auto, (max-width: 976px) 100vw, 976px\" \/><\/a><\/span><\/p>\n<p>Anzumerken ist: Ausgewiesen wird nicht der Betrag zu einer Person &#8211; sondern der angegebenen Funktion. Durch den Wechsel in Berlin zum 24. Januar 2023 werden Vorg\u00e4nger im Amt und aktueller Amtsinhaber zusammen gez\u00e4hlt. Die Vorg\u00e4nger hatten alle h\u00f6here und unterschiedliche Zusagen zur privaten Altersversorgung.<\/p>\n<p>&nbsp;<\/p>\n<p>&nbsp;<\/p>\n<p><span style=\"text-decoration: underline;\"><strong>Weiterf\u00fchrend:<\/strong><\/span><\/p>\n<p><a href=\"https:\/\/www.kzv-berlin.de\/ueber-uns\/organe-und-struktur\/vertreterversammlung\" target=\"_blank\" rel=\"noopener\">KZV Berlin &#8211; Protokolle der Vertreterversammlungen<\/a>:<\/p>\n<table style=\"border-collapse: collapse; width: 100%;\">\n<tbody>\n<tr>\n<td style=\"width: 4.85714%; text-align: left; vertical-align: top;\">1.<\/td>\n<td style=\"width: 95.1429%; text-align: left; vertical-align: top;\"><a href=\"https:\/\/www.kzv-berlin.de\/fileadmin\/user_upload_kzv\/KZV_Berlin\/1_Vertreterversammlung\/1_Protokolle\/2022_12_05.pdf\" target=\"_blank\" rel=\"noopener\">Protokoll \u00fcber die Vertreterversammlung der KZV Berlin<\/a><br \/>\nam Montag, 05. Dezember 2022 &#8211; TOP 3 Bericht(e) aus den Aussch\u00fcssen [hier Hauptausschuss] und TOP 4 Bericht des Vorsitzenden der VV<\/td>\n<\/tr>\n<tr>\n<td style=\"width: 4.85714%; text-align: left; vertical-align: top;\">2.<\/td>\n<td style=\"width: 95.1429%; text-align: left; vertical-align: top;\"><a href=\"https:\/\/www.kzv-berlin.de\/fileadmin\/user_upload\/2023_01_23.pdf\" target=\"_blank\" rel=\"noopener\">Protokoll \u00fcber die [konstituierende] Vertreterversammlung der KZV Berlin<\/a><br \/>\nam Montag, 23. Januar 2023 &#8211; TOP 3 Dienstvertr\u00e4ge f\u00fcr den hauptamtlichen Vorstand, Auszug \/ <strong>Beschluss<\/strong>:<br \/>\n<img loading=\"lazy\" decoding=\"async\" class=\"size-full wp-image-44691 aligncenter\" src=\"https:\/\/iuzb.de\/wp-content\/uploads\/2024\/03\/2023-01-23-KZVBerlin-VV-TOP-3-Dienstvertraege-fuer-den-hauptamtlichen-Vorstand-Beschluss.jpg\" alt=\"\" width=\"796\" height=\"307\" srcset=\"https:\/\/iuzb.de\/wp-content\/uploads\/2024\/03\/2023-01-23-KZVBerlin-VV-TOP-3-Dienstvertraege-fuer-den-hauptamtlichen-Vorstand-Beschluss.jpg 796w, https:\/\/iuzb.de\/wp-content\/uploads\/2024\/03\/2023-01-23-KZVBerlin-VV-TOP-3-Dienstvertraege-fuer-den-hauptamtlichen-Vorstand-Beschluss-450x174.jpg 450w, https:\/\/iuzb.de\/wp-content\/uploads\/2024\/03\/2023-01-23-KZVBerlin-VV-TOP-3-Dienstvertraege-fuer-den-hauptamtlichen-Vorstand-Beschluss-311x120.jpg 311w, https:\/\/iuzb.de\/wp-content\/uploads\/2024\/03\/2023-01-23-KZVBerlin-VV-TOP-3-Dienstvertraege-fuer-den-hauptamtlichen-Vorstand-Beschluss-768x296.jpg 768w\" sizes=\"auto, (max-width: 796px) 100vw, 796px\" \/>Die neuen Vorstandsmitglieder wurden danach gew\u00e4hlt, siehe TOP 4.<\/td>\n<\/tr>\n<tr>\n<td style=\"width: 4.85714%; text-align: left; vertical-align: top;\">3.<\/td>\n<td style=\"width: 95.1429%; text-align: left; vertical-align: top;\"><a href=\"https:\/\/www.kzv-berlin.de\/fileadmin\/user_upload\/2023_03_06.pdf\" target=\"_blank\" rel=\"noopener\">Protokoll \u00fcber die Vertreterversammlung der KZV Berlin<\/a><br \/>\nam Montag, 06. M\u00e4rz 2023 &#8211; TOP 5 Vorstandsdienstvertr\u00e4ge<\/td>\n<\/tr>\n<\/tbody>\n<\/table>\n<p>&nbsp;<\/p>\n","protected":false},"excerpt":{"rendered":"<p>Gem\u00e4\u00df \u00a7 79 Abs. 4 SGB V sind die j\u00e4hrlichen Verg\u00fctungen der einzelnen Vorstandsmitglieder der Kassenzahn\u00e4rztlichen Vereinigungen einschlie\u00dflich Nebenleistungen sowie die wesentlichen Versorgungsregelungen in einer \u00dcbersicht j\u00e4hrlich zum 1. M\u00e4rz [&#8230;]<\/p>\n","protected":false},"author":13,"featured_media":0,"comment_status":"closed","ping_status":"closed","sticky":false,"template":"","format":"standard","meta":{"ngg_post_thumbnail":0,"iawp_total_views":1,"footnotes":""},"categories":[98,122,45],"tags":[],"class_list":["post-44668","post","type-post","status-publish","format-standard","hentry","category-diaeten-kzv","category-kzbv","category-kzv-berlin"],"_links":{"self":[{"href":"https:\/\/iuzb.de\/index.php?rest_route=\/wp\/v2\/posts\/44668","targetHints":{"allow":["GET"]}}],"collection":[{"href":"https:\/\/iuzb.de\/index.php?rest_route=\/wp\/v2\/posts"}],"about":[{"href":"https:\/\/iuzb.de\/index.php?rest_route=\/wp\/v2\/types\/post"}],"author":[{"embeddable":true,"href":"https:\/\/iuzb.de\/index.php?rest_route=\/wp\/v2\/users\/13"}],"replies":[{"embeddable":true,"href":"https:\/\/iuzb.de\/index.php?rest_route=%2Fwp%2Fv2%2Fcomments&post=44668"}],"version-history":[{"count":32,"href":"https:\/\/iuzb.de\/index.php?rest_route=\/wp\/v2\/posts\/44668\/revisions"}],"predecessor-version":[{"id":44704,"href":"https:\/\/iuzb.de\/index.php?rest_route=\/wp\/v2\/posts\/44668\/revisions\/44704"}],"wp:attachment":[{"href":"https:\/\/iuzb.de\/index.php?rest_route=%2Fwp%2Fv2%2Fmedia&parent=44668"}],"wp:term":[{"taxonomy":"category","embeddable":true,"href":"https:\/\/iuzb.de\/index.php?rest_route=%2Fwp%2Fv2%2Fcategories&post=44668"},{"taxonomy":"post_tag","embeddable":true,"href":"https:\/\/iuzb.de\/index.php?rest_route=%2Fwp%2Fv2%2Ftags&post=44668"}],"curies":[{"name":"wp","href":"https:\/\/api.w.org\/{rel}","templated":true}]}}