{"id":44623,"date":"2024-03-02T18:13:14","date_gmt":"2024-03-02T17:13:14","guid":{"rendered":"https:\/\/iuzb.de\/?p=44623"},"modified":"2024-03-22T20:32:57","modified_gmt":"2024-03-22T19:32:57","slug":"cannabis-konsum-risiken-und-nebenwirkungen-fuer-zahnbehandlung","status":"publish","type":"post","link":"https:\/\/iuzb.de\/?p=44623","title":{"rendered":"Cannabis-Konsum: Risiken und Nebenwirkungen f\u00fcr Zahnbehandlung"},"content":{"rendered":"<p style=\"text-align: justify;\"><strong>Bundestagsbeschluss zur Legalisierung von Cannabis: Stellungnahme der KZV Hessen<\/strong><\/p>\n<h4 style=\"text-align: justify;\"><strong>Cannabis-Konsum: Risiken und Nebenwirkungen f\u00fcr Zahnbehandlung<\/strong><\/h4>\n<p style=\"text-align: justify;\">Dem Bundestag zufolge ist es bereits beschlossene Sache: Am 23. Februar hat er den Gesetzentwurf der <a href=\"https:\/\/www.bundestag.de\/dokumente\/textarchiv\/2024\/kw08-de-cannabis-990684\" target=\"_blank\" rel=\"noopener\">Bundesregierung \u201ezum kontrollierten Umgang mit Cannabis\u201c verabschiedet.<\/a> Demnach sollen Erwachsene k\u00fcnftig bis zu 50 g Cannabis im privaten Umfeld konsumieren d\u00fcrfen, bis zu 25 g im \u00f6ffentlichen Raum. Die Abstimmung im Bundesrat ist f\u00fcr den 22. M\u00e4rz angesetzt. Das Gesetz soll bereits am 1. April 2024 in Kraft treten, erweiterte Vorschriften sind ab 1. Juli 2024 geplant.<\/p>\n<p style=\"text-align: justify;\">Zu diesem Vorhaben sagt Dr. Niklas Mangold, stellvertretender Vorstandsvorsitzender der Kassenzahn\u00e4rztlichen Vereinigung Hessen:<\/p>\n<blockquote>\n<p style=\"text-align: justify;\">\u201eDie \u00c4rzteschaft hat sich <a href=\"https:\/\/www.laekh.de\/presse\/pressemitteilungen\/detail\/cannabislegalisierung-ein-schwarzer-tag-fuer-die-suchtpraevention\" target=\"_blank\" rel=\"noopener\">hessenweit<\/a> und <a href=\"https:\/\/www.bundesaerztekammer.de\/presse\/aktuelles\/detail\/das-cannabisgesetz-ist-kein-fall-fuer-fraktionsdisziplin\" target=\"_blank\" rel=\"noopener\">bundesweit<\/a> bereits deutlich gegen das Vorhaben der Ampel-Koalition gestellt und dies nachvollziehbar begr\u00fcndet. Auch die Zahn\u00e4rzteschaft warnt davor, den Cannabis-Konsum in der geplanten Form freizugeben. Er hat nicht nur erhebliche negative Auswirkungen auf die Allgemeingesundheit, sondern birgt zudem Risiken bei der zahn\u00e4rztlichen Behandlung.\u201c<\/p>\n<\/blockquote>\n<p style=\"text-align: justify;\">In den USA, wo der Konsum von Cannabis in zahlreichen Bundesstaaten legalisiert ist, haben <a href=\"https:\/\/www.ada.org\/about\/press-releases\/half-of-dentists-say-patients-are-high-at-dental-appointments\" target=\"_blank\" rel=\"noopener\">Studien<\/a> gezeigt, welche besonderen Herausforderungen bei der zahn\u00e4rztlichen Behandlung von Cannabis-Konsumentinnen und -Konsumenten zu beachten sind. So kann zur Schmerzreduktion eine <a href=\"https:\/\/pubmed.ncbi.nlm.nih.gov\/37783364\/\" target=\"_blank\" rel=\"noopener\">deutlich h\u00f6here Dosis an Narkosemitteln<\/a> erforderlich sein, wenn Patientinnen oder Patienten vor einem Zahnarztbesuch Cannabis konsumiert haben. Es kann zu erh\u00f6hten Angstgef\u00fchlen, Wahnvorstellungen und Hyperaktivit\u00e4t kommen, was die zahn\u00e4rztliche Behandlung erschwert. Auch die Abstimmung von Behandlungsoptionen mit Zahn\u00e4rztin oder Zahnarzt \u2013 insbesondere die Aufkl\u00e4rung vor operativen Eingriffen \u2013 ist beeintr\u00e4chtigt, wenn Menschen vor dem Aufsuchen einer zahn\u00e4rztlichen Praxis Cannabis konsumiert haben.<\/p>\n<p style=\"text-align: justify;\">Wer regelm\u00e4\u00dfig zu Cannabis greift, leidet <a href=\"https:\/\/www.ada.org\/resources\/research\/science-and-research-institute\/oral-health-topics\/cannabis-oral-health-effects#:%7E:text=Cannabis%20smoking%20is%20associated%20with,edible%20and%20topically%20applied%20products.\" target=\"_blank\" rel=\"noopener\">Studien<\/a> zufolge mit gr\u00f6\u00dferer Wahrscheinlichkeit unter Karies. Zudem steigt das Risiko f\u00fcr Parodontalerkrankungen, Mundtrockenheit sowie Krebserkrankungen im Mund- und Halsbereich<\/p>\n<p>KZV Hessen, <a href=\"https:\/\/www.kzvh.de\/presse\/pressemitteilung\/index.html\" target=\"_blank\" rel=\"noopener\">Pressemitteilung vom 29.02.2024<\/a><\/p>\n<p>&nbsp;<\/p>\n<p>&nbsp;<\/p>\n","protected":false},"excerpt":{"rendered":"<p>Bundestagsbeschluss zur Legalisierung von Cannabis: Stellungnahme der KZV Hessen Cannabis-Konsum: Risiken und Nebenwirkungen f\u00fcr Zahnbehandlung Dem Bundestag zufolge ist es bereits beschlossene Sache: Am 23. Februar hat er den Gesetzentwurf [&#8230;]<\/p>\n","protected":false},"author":13,"featured_media":0,"comment_status":"closed","ping_status":"closed","sticky":false,"template":"","format":"standard","meta":{"ngg_post_thumbnail":0,"iawp_total_views":7,"footnotes":""},"categories":[1,387],"tags":[],"class_list":["post-44623","post","type-post","status-publish","format-standard","hentry","category-allgemein","category-cannabis"],"_links":{"self":[{"href":"https:\/\/iuzb.de\/index.php?rest_route=\/wp\/v2\/posts\/44623","targetHints":{"allow":["GET"]}}],"collection":[{"href":"https:\/\/iuzb.de\/index.php?rest_route=\/wp\/v2\/posts"}],"about":[{"href":"https:\/\/iuzb.de\/index.php?rest_route=\/wp\/v2\/types\/post"}],"author":[{"embeddable":true,"href":"https:\/\/iuzb.de\/index.php?rest_route=\/wp\/v2\/users\/13"}],"replies":[{"embeddable":true,"href":"https:\/\/iuzb.de\/index.php?rest_route=%2Fwp%2Fv2%2Fcomments&post=44623"}],"version-history":[{"count":7,"href":"https:\/\/iuzb.de\/index.php?rest_route=\/wp\/v2\/posts\/44623\/revisions"}],"predecessor-version":[{"id":44630,"href":"https:\/\/iuzb.de\/index.php?rest_route=\/wp\/v2\/posts\/44623\/revisions\/44630"}],"wp:attachment":[{"href":"https:\/\/iuzb.de\/index.php?rest_route=%2Fwp%2Fv2%2Fmedia&parent=44623"}],"wp:term":[{"taxonomy":"category","embeddable":true,"href":"https:\/\/iuzb.de\/index.php?rest_route=%2Fwp%2Fv2%2Fcategories&post=44623"},{"taxonomy":"post_tag","embeddable":true,"href":"https:\/\/iuzb.de\/index.php?rest_route=%2Fwp%2Fv2%2Ftags&post=44623"}],"curies":[{"name":"wp","href":"https:\/\/api.w.org\/{rel}","templated":true}]}}