{"id":44527,"date":"2024-02-20T12:18:21","date_gmt":"2024-02-20T11:18:21","guid":{"rendered":"https:\/\/iuzb.de\/?p=44527"},"modified":"2024-02-20T12:18:55","modified_gmt":"2024-02-20T11:18:55","slug":"vivantes-diabeteszentrum-fuer-kinder-und-jugendliche-in-neukoelln-eroeffnet-sektorenuebergreifendes-angebot-schliesst-versorgungsluecke-im-berliner-sueden","status":"publish","type":"post","link":"https:\/\/iuzb.de\/?p=44527","title":{"rendered":"Vivantes Diabeteszentrum f\u00fcr Kinder und Jugendliche in Neuk\u00f6lln er\u00f6ffnet  &#8211; Sektoren\u00fcbergreifendes Angebot schlie\u00dft Versorgungsl\u00fccke im Berliner S\u00fcden"},"content":{"rendered":"<p style=\"text-align: justify;\">Im Vivantes Klinikum Neuk\u00f6lln hat das Diabeteszentrum f\u00fcr Kinder und Jugendliche er\u00f6ffnet. Damit schlie\u00dft sich eine Versorgungsl\u00fccke im S\u00fcden Berlins. Das Team um Prof. Dr. Klemens Raile setzt auf eine sektoren\u00fcbergreifende Behandlung, die auch Telemedizin beinhaltet.<\/p>\n<p style=\"text-align: justify;\">Am Neuk\u00f6llner Standort werden Kinder und Jugendliche mit ihren Familien sowohl station\u00e4r in der Klinik als auch ambulant im Diagnose und Behandlungszentrum betreut. Ziel des Teams ist es, gleich nach der gestellten Diabetes-Diagnose mit dem individuell passenden Behandlungspfad zu beginnen. Dazu geh\u00f6rt, dass die Kinder und Jugendlichen fr\u00fch geschult werden, den Alltag mit ihrem Diabetes selbstst\u00e4ndig zu leben. Dabei kommen auch Telemedizin und moderne Diabetestechnik wie beispielsweise kontinuierlich messende Glukosesensoren oder Insulinpumpen zum Einsatz. Zudem bezieht das interdisziplin\u00e4re Team des Diabeteszentrums Familie und das soziale Umfeld wie Kita- oder Horterzieher*innen in die Schulungen mit ein. Dar\u00fcber hinaus arbeitet das Diabeteszentrum mit den niedergelassenen Kinder\u00e4rzten zusammen.<\/p>\n<p style=\"text-align: justify;\">Prof. Dr. Klemens Raile, Chefarzt f\u00fcr Kinder- und Jugendmedizin, Leiter Diabeteszentrum<\/p>\n<blockquote><p>\u201eDiabetes eines Kindes betrifft die ganze Familie \u2013 wir helfen allen zur\u00fcck in ihr Leben.\u201c<\/p><\/blockquote>\n<p style=\"text-align: justify;\"><strong>Hintergrund<\/strong><\/p>\n<p style=\"text-align: justify;\">In Berlin sind derzeit bis zu 2000 Kinder und Jugendliche mit Typ-1 Diabetes zu versorgen. Die Neuerkrankungsrate mit Typ-1 Diabetes bei Kindern unter 15 Jahren steigt in Deutschland seit \u00fcber 30 Jahren kontinuierlich an und f\u00fchrt zusammen mit der Bev\u00f6lkerungsentwicklung in der Gro\u00dfstadtregion Berlin zu einem sehr hohen und steigenden Versorgungsbedarf. Zus\u00e4tzlich werden an den Berliner Diabeteszentren etwa 30 Prozent Kinder aus Brandenburg mitversorgt. Das Vivantes Diabeteszentrum f\u00fcr Kinder und Jugendliche schlie\u00dft eine Versorgungsl\u00fccke im S\u00fcden Berlins und in den anschlie\u00dfenden Kreisen S\u00fcdbrandenburgs.<\/p>\n<p>Quelle: Vivantes, <a href=\"https:\/\/www.vivantes.de\/unternehmen\/presse\/pressemitteilungen\/presse-detail\/news\/vivantes-diabeteszentrum-fuer-kinder-und-jugendliche-in-neukoelln-eroeffnet\" target=\"_blank\" rel=\"noopener\">Pressemitteilung vom 19.02.2024<\/a><\/p>\n<p>&nbsp;<\/p>\n<p>&nbsp;<\/p>\n","protected":false},"excerpt":{"rendered":"<p>Im Vivantes Klinikum Neuk\u00f6lln hat das Diabeteszentrum f\u00fcr Kinder und Jugendliche er\u00f6ffnet. Damit schlie\u00dft sich eine Versorgungsl\u00fccke im S\u00fcden Berlins. Das Team um Prof. Dr. Klemens Raile setzt auf eine [&#8230;]<\/p>\n","protected":false},"author":13,"featured_media":0,"comment_status":"closed","ping_status":"closed","sticky":false,"template":"","format":"standard","meta":{"ngg_post_thumbnail":0,"iawp_total_views":9,"footnotes":""},"categories":[177,284],"tags":[],"class_list":["post-44527","post","type-post","status-publish","format-standard","hentry","category-berlin","category-vivantes"],"_links":{"self":[{"href":"https:\/\/iuzb.de\/index.php?rest_route=\/wp\/v2\/posts\/44527","targetHints":{"allow":["GET"]}}],"collection":[{"href":"https:\/\/iuzb.de\/index.php?rest_route=\/wp\/v2\/posts"}],"about":[{"href":"https:\/\/iuzb.de\/index.php?rest_route=\/wp\/v2\/types\/post"}],"author":[{"embeddable":true,"href":"https:\/\/iuzb.de\/index.php?rest_route=\/wp\/v2\/users\/13"}],"replies":[{"embeddable":true,"href":"https:\/\/iuzb.de\/index.php?rest_route=%2Fwp%2Fv2%2Fcomments&post=44527"}],"version-history":[{"count":2,"href":"https:\/\/iuzb.de\/index.php?rest_route=\/wp\/v2\/posts\/44527\/revisions"}],"predecessor-version":[{"id":44529,"href":"https:\/\/iuzb.de\/index.php?rest_route=\/wp\/v2\/posts\/44527\/revisions\/44529"}],"wp:attachment":[{"href":"https:\/\/iuzb.de\/index.php?rest_route=%2Fwp%2Fv2%2Fmedia&parent=44527"}],"wp:term":[{"taxonomy":"category","embeddable":true,"href":"https:\/\/iuzb.de\/index.php?rest_route=%2Fwp%2Fv2%2Fcategories&post=44527"},{"taxonomy":"post_tag","embeddable":true,"href":"https:\/\/iuzb.de\/index.php?rest_route=%2Fwp%2Fv2%2Ftags&post=44527"}],"curies":[{"name":"wp","href":"https:\/\/api.w.org\/{rel}","templated":true}]}}