{"id":44494,"date":"2024-02-16T09:42:59","date_gmt":"2024-02-16T08:42:59","guid":{"rendered":"https:\/\/iuzb.de\/?p=44494"},"modified":"2024-02-16T09:45:49","modified_gmt":"2024-02-16T08:45:49","slug":"jede-weitere-geringfuegige-taetigkeit-einer-medizinischen-fachangestellten-ist-voll-versicherungspflichtig-praxisinhaber-tragen-die-verantwortung-fuer-die-richtige-sozialversicherungs","status":"publish","type":"post","link":"https:\/\/iuzb.de\/?p=44494","title":{"rendered":"Jede weitere geringf\u00fcgige T\u00e4tigkeit einer medizinischen Fachangestellten ist voll versicherungs\u00adpflichtig &#8211; Praxisinhaber tragen die Verantwortung f\u00fcr die richtige sozial\u00adversicherungs\u00adrechtliche Meldung von Besch\u00e4ftigten"},"content":{"rendered":"<p style=\"text-align: justify;\">Landessozialgericht Nordrhein-Westfalen:<\/p>\n<p style=\"text-align: justify;\"><span style=\"font-size: 12pt;\"><strong>Jede weitere geringf\u00fcgige T\u00e4tigkeit einer MFA ist voll versicherungspflichtig<\/strong><\/span><\/p>\n<p style=\"text-align: justify;\"><em>Praxisinhaber tragen die Verantwortung f\u00fcr die richtige sozialversicherungsrechtliche Meldung von Besch\u00e4ftigten.<\/em><\/p>\n<p style=\"text-align: justify;\">Dies hat das Landessozialgericht (LSG) entschieden (Urteil vom 25.10.2023 \u2013 L 8 BA 194\/21).<\/p>\n<p style=\"text-align: justify;\">Die Kl\u00e4gerin betreibt eine haus\u00e4rztliche Gemeinschaftspraxis. Die Beigeladene war von April bis Oktober 2023 bei ihr als medizinische Fachangestellte besch\u00e4ftigt (\u00d8 2 Std.\/Wo., rund 80 \u20ac\/Mon.). Nach dem Arbeitsvertrag \u00fcbte sie bei Aufnahme ihrer Besch\u00e4ftigung bei der Kl\u00e4gerin bereits zwei sozialversicherungspflichtige Hauptbesch\u00e4ftigungen und eine weitere geringf\u00fcgige Besch\u00e4ftigung aus. Im streitigen Zeitraum entrichtete die Kl\u00e4gerin f\u00fcr die Beigeladene Pauschalbeitr\u00e4ge zur Kranken- und Rentenversicherung. Nach einer Betriebspr\u00fcfung erhob die beklagte Deutsche Rentenversicherung Westfalen Beitr\u00e4ge zur Sozialversicherung nach (gut 900 \u20ac). Pauschalbeitr\u00e4ge seien nur f\u00fcr die erste geringf\u00fcgige Besch\u00e4ftigung zu entrichten. Die hier zu beurteilende zweite sei in vollem Umfang versicherungspflichtig. Dagegen wehrte sich die Kl\u00e4gerin vergeblich vor dem SG Dortmund.<\/p>\n<p style=\"text-align: justify;\">Dessen Urteil hat das LSG nun best\u00e4tigt und die Berufung der Kl\u00e4gerin zur\u00fcckgewiesen. Wenn ein Besch\u00e4ftigter neben seiner versicherungspflichtigen Hauptbesch\u00e4ftigung mehrere geringf\u00fcgige Nebenbesch\u00e4ftigungen aus\u00fcbe, sei nach <a href=\"https:\/\/dejure.org\/gesetze\/SGB_IV\/8.html\" target=\"_blank\" rel=\"noopener\">\u00a7 8 Abs. 2 S. 1 SGB IV<\/a> nur eine (einzige) dieser T\u00e4tigkeiten vom Zusammenrechnungsgebot ausgenommen. Als diese eine zusammenrechnungsfreie T\u00e4tigkeit habe die Beklagte zutreffend diejenige angesehen, die zeitlich vor der streitigen T\u00e4tigkeit bei der Kl\u00e4gerin begonnen worden sei. Die rechtlich fehlerhafte Beurteilung des ihm bekannten Sachverhalts sei einer dem Arbeitgeber unverschuldeten, schutzw\u00fcrdigen Unkenntnis einer bereits ausge\u00fcbten geringf\u00fcgigen Nebenbesch\u00e4ftigung nicht gleichzusetzen. Die (richtige) sozialversicherungsrechtliche Meldung von Besch\u00e4ftigten liege grunds\u00e4tzlich im Verantwortungsbereich des Arbeitgebers. Etwaige Fehlbeurteilungen bzw. Irrt\u00fcmer seien auf den Eintritt der gesetzlich angeordneten Versicherungs- und Beitragspflichten ohne Einfluss. Schwierigkeiten bei der (rechtlich) zutreffenden Meldung sei durch die Einholung von Informationen bei sachkundigen Personen und Stellen zu begegnen. Nahe liege es hier insbesondere, eine f\u00f6rmliche Entscheidung der Einzugsstelle (<a href=\"https:\/\/dejure.org\/gesetze\/SGB_IV\/28i.html\" target=\"_blank\" rel=\"noopener\">\u00a7 28i S. 5 SGB IV<\/a>) zu beantragen.<\/p>\n<p>Quelle: Landessozialgericht Nordrhein-Westfalen, <a href=\"https:\/\/www.justiz.nrw\/JM\/Presse\/presse_weitere\/PresseLSG\/Jede_weitere_geringfuegige_Taetigkeit_einer_MFA_ist_voll_versicherungspflichtig\/index.php\" target=\"_blank\" rel=\"noopener\">Pressemitteilung vom 02.02.2024<\/a> zum Urteil vom 25.10.2023 \u2013 L 8 BA 194\/21 &#8211;<\/p>\n<p>&nbsp;<\/p>\n","protected":false},"excerpt":{"rendered":"<p>Landessozialgericht Nordrhein-Westfalen: Jede weitere geringf\u00fcgige T\u00e4tigkeit einer MFA ist voll versicherungspflichtig Praxisinhaber tragen die Verantwortung f\u00fcr die richtige sozialversicherungsrechtliche Meldung von Besch\u00e4ftigten. Dies hat das Landessozialgericht (LSG) entschieden (Urteil vom [&#8230;]<\/p>\n","protected":false},"author":13,"featured_media":0,"comment_status":"closed","ping_status":"closed","sticky":false,"template":"","format":"standard","meta":{"ngg_post_thumbnail":0,"iawp_total_views":0,"footnotes":""},"categories":[342,68],"tags":[],"class_list":["post-44494","post","type-post","status-publish","format-standard","hentry","category-arbeitsrecht","category-recht"],"_links":{"self":[{"href":"https:\/\/iuzb.de\/index.php?rest_route=\/wp\/v2\/posts\/44494","targetHints":{"allow":["GET"]}}],"collection":[{"href":"https:\/\/iuzb.de\/index.php?rest_route=\/wp\/v2\/posts"}],"about":[{"href":"https:\/\/iuzb.de\/index.php?rest_route=\/wp\/v2\/types\/post"}],"author":[{"embeddable":true,"href":"https:\/\/iuzb.de\/index.php?rest_route=\/wp\/v2\/users\/13"}],"replies":[{"embeddable":true,"href":"https:\/\/iuzb.de\/index.php?rest_route=%2Fwp%2Fv2%2Fcomments&post=44494"}],"version-history":[{"count":3,"href":"https:\/\/iuzb.de\/index.php?rest_route=\/wp\/v2\/posts\/44494\/revisions"}],"predecessor-version":[{"id":44497,"href":"https:\/\/iuzb.de\/index.php?rest_route=\/wp\/v2\/posts\/44494\/revisions\/44497"}],"wp:attachment":[{"href":"https:\/\/iuzb.de\/index.php?rest_route=%2Fwp%2Fv2%2Fmedia&parent=44494"}],"wp:term":[{"taxonomy":"category","embeddable":true,"href":"https:\/\/iuzb.de\/index.php?rest_route=%2Fwp%2Fv2%2Fcategories&post=44494"},{"taxonomy":"post_tag","embeddable":true,"href":"https:\/\/iuzb.de\/index.php?rest_route=%2Fwp%2Fv2%2Ftags&post=44494"}],"curies":[{"name":"wp","href":"https:\/\/api.w.org\/{rel}","templated":true}]}}