{"id":44429,"date":"2024-02-14T06:31:19","date_gmt":"2024-02-14T05:31:19","guid":{"rendered":"https:\/\/iuzb.de\/?p=44429"},"modified":"2024-02-14T06:34:21","modified_gmt":"2024-02-14T05:34:21","slug":"doktortitel-vor-nachname-in-pass-und-ausweis-wird-gestrichen","status":"publish","type":"post","link":"https:\/\/iuzb.de\/?p=44429","title":{"rendered":"Doktortitel vor Nachname in Pass und Ausweis wird gestrichen"},"content":{"rendered":"<p style=\"text-align: justify;\">FAZ, 14.02.2024:<\/p>\n<ul style=\"text-align: justify;\">\n<li><a href=\"https:\/\/www.faz.net\/aktuell\/politik\/inland\/kein-doktortitel-mehr-vor-name-in-reisepass-und-ausweis-19517851.html\" target=\"_blank\" rel=\"noopener\">Doktortitel vor Nachname in Pass und Ausweis wird gestrichen<\/a><\/li>\n<\/ul>\n<p style=\"text-align: justify;\">Grund sind der<\/p>\n<blockquote>\n<p style=\"text-align: justify;\">&#8222;Standard f\u00fcr Reisedokumente der internationalen Luftfahrtorganisation der Vereinten Nationen ICAO&#8230;&#8220;<\/p>\n<\/blockquote>\n<p style=\"text-align: justify;\">Und in diesem Rechtszusammenhang:<\/p>\n<blockquote>\n<p style=\"text-align: justify;\">Es gab bereits mehrere Anl\u00e4ufe, das Vorhaben umzusetzen, unter anderem im Zuge der Guttenberg-Aff\u00e4re im Jahr 2011. Das Bundesverwaltungsgericht und der Bundesgerichtshof h\u00e4tten gekl\u00e4rt, dass der Doktor kein Namensbestandteil sei und deshalb niemand einen Anspruch darauf habe, damit angesprochen zu werden, erkl\u00e4rt der Petitionsausschuss des Bundestages. Wie die Saarbr\u00fccker Zeitung schildert, wurde die Petition zur Entfernung des Doktortitels an die Bundestagsfraktionen weitergereicht.<\/p>\n<\/blockquote>\n<p style=\"text-align: justify;\">Diesbez\u00fcglich weiterf\u00fchrend:<\/p>\n<ul style=\"text-align: justify;\">\n<li>FAZ,14.07.2013:<br \/>\n<a href=\"https:\/\/www.faz.net\/aktuell\/karriere-hochschule\/buero-co\/formelle-anrede-der-doktortitel-gehoert-nicht-zum-namen-12151063.html\">Formelle Anrede: Der Doktortitel geh\u00f6rt nicht zum Namen<\/a><\/li>\n<\/ul>\n<blockquote>\n<p style=\"text-align: justify;\">Ein verbreitetes Missverst\u00e4ndnis ist allerdings, dass der \u201eDr.\u201c &#8211; anders als der \u201eProfessor\u201c &#8211; ein Namensbestandteil sei. Das ist er nicht, wie Bundesgerichtshof und Bundesverwaltungsgericht schon vor mehr als 50 Jahren entschieden haben. Vielmehr handele es sich nur um einen akademischen Grad.<\/p>\n<\/blockquote>\n<p>Aber, so die FAZ weiter:<\/p>\n<blockquote><p>F\u00fcr Arbeitnehmer gilt eine Besonderheit. Das Bundesarbeitsgericht urteilte n\u00e4mlich im Jahr 1984, diese h\u00e4tten \u201eaufgrund des verfassungsrechtlich gepr\u00e4gten allgemeinen Pers\u00f6nlichkeitsschutzes\u201c einen Anspruch darauf, dass der Arbeitgeber einen von ihnen erworbenen akademischen Grad \u201eim Gesch\u00e4ftsverkehr nach au\u00dfen in seiner konkreten Ausgestaltung korrekt verwendet\u201c. Das leiteten die Bundesrichter aus der \u201eAchtung des Ansehens und der sozialen Geltung\u201c der Besch\u00e4ftigten her.<\/p><\/blockquote>\n<p>&nbsp;<\/p>\n","protected":false},"excerpt":{"rendered":"<p>FAZ, 14.02.2024: Doktortitel vor Nachname in Pass und Ausweis wird gestrichen Grund sind der &#8222;Standard f\u00fcr Reisedokumente der internationalen Luftfahrtorganisation der Vereinten Nationen ICAO&#8230;&#8220; Und in diesem Rechtszusammenhang: Es gab [&#8230;]<\/p>\n","protected":false},"author":13,"featured_media":0,"comment_status":"closed","ping_status":"closed","sticky":false,"template":"","format":"standard","meta":{"ngg_post_thumbnail":0,"iawp_total_views":4,"footnotes":""},"categories":[68],"tags":[],"class_list":["post-44429","post","type-post","status-publish","format-standard","hentry","category-recht"],"_links":{"self":[{"href":"https:\/\/iuzb.de\/index.php?rest_route=\/wp\/v2\/posts\/44429","targetHints":{"allow":["GET"]}}],"collection":[{"href":"https:\/\/iuzb.de\/index.php?rest_route=\/wp\/v2\/posts"}],"about":[{"href":"https:\/\/iuzb.de\/index.php?rest_route=\/wp\/v2\/types\/post"}],"author":[{"embeddable":true,"href":"https:\/\/iuzb.de\/index.php?rest_route=\/wp\/v2\/users\/13"}],"replies":[{"embeddable":true,"href":"https:\/\/iuzb.de\/index.php?rest_route=%2Fwp%2Fv2%2Fcomments&post=44429"}],"version-history":[{"count":5,"href":"https:\/\/iuzb.de\/index.php?rest_route=\/wp\/v2\/posts\/44429\/revisions"}],"predecessor-version":[{"id":44434,"href":"https:\/\/iuzb.de\/index.php?rest_route=\/wp\/v2\/posts\/44429\/revisions\/44434"}],"wp:attachment":[{"href":"https:\/\/iuzb.de\/index.php?rest_route=%2Fwp%2Fv2%2Fmedia&parent=44429"}],"wp:term":[{"taxonomy":"category","embeddable":true,"href":"https:\/\/iuzb.de\/index.php?rest_route=%2Fwp%2Fv2%2Fcategories&post=44429"},{"taxonomy":"post_tag","embeddable":true,"href":"https:\/\/iuzb.de\/index.php?rest_route=%2Fwp%2Fv2%2Ftags&post=44429"}],"curies":[{"name":"wp","href":"https:\/\/api.w.org\/{rel}","templated":true}]}}