{"id":44385,"date":"2024-02-07T13:56:26","date_gmt":"2024-02-07T12:56:26","guid":{"rendered":"https:\/\/iuzb.de\/?p=44385"},"modified":"2024-02-07T14:02:57","modified_gmt":"2024-02-07T13:02:57","slug":"vmf-ruft-am-08-02-zu-mfa-warnstreiks-in-einrichtungen-der-ambulanten-versorgung-auf","status":"publish","type":"post","link":"https:\/\/iuzb.de\/?p=44385","title":{"rendered":"VmF ruft am 08.02. zu MFA-Warnstreiks in Einrichtungen der ambulanten Versorgung auf"},"content":{"rendered":"<p style=\"text-align: justify;\"><span style=\"font-size: 12pt;\"><strong>vmf-Warnstreiks: Unverzichtbar f\u00fcr die Zukunft der Medizinischen Fachangestellten<\/strong><\/span><\/p>\n<p style=\"text-align: justify;\">Der Aufruf zum Warnstreik ist ein Novum in der 60-j\u00e4hrigen Geschichte des Verbandes medizinischer Fachberufe e.V. (vmf). Am 8. Februar sind bundesweit 330.000 Medizinische Fachangestellte (MFA), Arzthelfer*innen und Auszubildende, die in Einrichtungen der ambulanten Versorgung t\u00e4tig sind, aufgefordert, ihre Arbeit niederzulegen. Ziel ist es, den Druck auf die Arbeitgeberseite zu verst\u00e4rken und grundlegende Verbesserungen beim Gehalt zu erzielen.<\/p>\n<p style=\"text-align: justify;\">Bereits seit Oktober f\u00fchren der vmf und die Arbeitsgemeinschaft zur Regelung der Arbeitsbedingungen der Arzthelferinnen\/Medizinischen Fachangestellten (AAA) Tarifverhandlungen. Die Arbeitgeberseite hat ein Gesamtpaket von 5,5 Prozent Erh\u00f6hung angeboten, das haupts\u00e4chlich in die unteren Gehaltsgruppen flie\u00dfen und zu Lasten der h\u00f6her qualifizierten MFA gehen soll.<\/p>\n<p style=\"text-align: justify;\">\u201eDamit k\u00f6nnen wir uns nicht zufriedengeben\u201c, erkl\u00e4rt Hannelore K\u00f6nig, vmf-Pr\u00e4sidentin. \u201eMit dem aktuellen Angebot der AAA erhalten die Berufsanf\u00e4ngerinnen nach ihrer dreij\u00e4hrigen Ausbildung immer noch weniger als Pflegekr\u00e4fte nach einj\u00e4hriger Ausbildung. Und den Kolleginnen und Kollegen mit 17 Jahren Berufserfahrung und hohen Zusatzausbildungen werden ganze 0,1 Prozent Plus vorgeschlagen.\u201c<\/p>\n<p style=\"text-align: justify;\">Nach dem Aufruf sind bis jetzt zahlreiche R\u00fcckmeldungen zur Teilnahme aus fast allen Bundesl\u00e4ndern eingegangen. Dar\u00fcber hinaus finden neben der<\/p>\n<ul>\n<li style=\"text-align: justify;\"><strong>zentralen Kundgebung zum Verhandlungstermin am 8. Februar vor der Bundes\u00e4rztekammer in Berlin<\/strong><\/li>\n<li style=\"text-align: justify;\">weitere Protestaktionen in Dortmund, Hamburg, Marburg, N\u00fcrnberg und Stuttgart statt.<\/li>\n<\/ul>\n<p style=\"text-align: justify;\">\u201eWir freuen uns \u00fcber diese Resonanz und bitten gleichzeitig bei den Patientinnen und Patienten um Verst\u00e4ndnis und Solidarit\u00e4t\u201c, erg\u00e4nzt Hannelore K\u00f6nig. \u201eDie Arbeitsbereiche von Medizinischen Fachangestellten beinhalten nicht nur die Anmeldung und Terminvergabe, sondern zum Beispiel auch die Assistenz bei Untersuchungen, Behandlungen und chirurgischen Eingriffen, das Durchf\u00fchren von Hygienema\u00dfnahmen und Laborarbeiten, das Praxismanagement, das Dokumentieren und Abrechnen von Behandlungsabl\u00e4ufen und die Materialbeschaffung. Wenn MFA streiken, werden die Auswirkungen also unmittelbar zu sp\u00fcren sein. Aber nur so gelingt es uns, die Arbeitsbedingungen f\u00fcr die Berufsangeh\u00f6rigen zu verbessern. Es ist unverzichtbar, jetzt zu handeln, damit nicht noch mehr Berufsangeh\u00f6rige den Beruf wegen der niedrigen Geh\u00e4lter bei enormer Stressbelastung und hoher Verantwortung verlassen. \u201c<\/p>\n<p>Quelle: Verband medizinischer Fachberufe, <a href=\"https:\/\/www.vmf-online.de\/verband\/presse-news\/2024-02-05-warnstreik\" target=\"_blank\" rel=\"noopener\">Pressemitteilung vom 05.02.2024<\/a><\/p>\n<p><span style=\"text-decoration: underline;\">Weiterf\u00fchrend:<\/span><\/p>\n<ul>\n<li><a href=\"https:\/\/www.vmf-online.de\/verband\/presse-news\/2024-01-25-aend\" target=\"_blank\" rel=\"noopener\">Jeder Arzt sollte sich bewusst sein, mit welchem Nettogehalt die MFA nach Hause gehen<\/a><\/li>\n<\/ul>\n","protected":false},"excerpt":{"rendered":"<p>vmf-Warnstreiks: Unverzichtbar f\u00fcr die Zukunft der Medizinischen Fachangestellten Der Aufruf zum Warnstreik ist ein Novum in der 60-j\u00e4hrigen Geschichte des Verbandes medizinischer Fachberufe e.V. (vmf). Am 8. Februar sind bundesweit [&#8230;]<\/p>\n","protected":false},"author":13,"featured_media":0,"comment_status":"closed","ping_status":"closed","sticky":false,"template":"","format":"standard","meta":{"ngg_post_thumbnail":0,"iawp_total_views":0,"footnotes":""},"categories":[268],"tags":[],"class_list":["post-44385","post","type-post","status-publish","format-standard","hentry","category-vmf"],"_links":{"self":[{"href":"https:\/\/iuzb.de\/index.php?rest_route=\/wp\/v2\/posts\/44385","targetHints":{"allow":["GET"]}}],"collection":[{"href":"https:\/\/iuzb.de\/index.php?rest_route=\/wp\/v2\/posts"}],"about":[{"href":"https:\/\/iuzb.de\/index.php?rest_route=\/wp\/v2\/types\/post"}],"author":[{"embeddable":true,"href":"https:\/\/iuzb.de\/index.php?rest_route=\/wp\/v2\/users\/13"}],"replies":[{"embeddable":true,"href":"https:\/\/iuzb.de\/index.php?rest_route=%2Fwp%2Fv2%2Fcomments&post=44385"}],"version-history":[{"count":5,"href":"https:\/\/iuzb.de\/index.php?rest_route=\/wp\/v2\/posts\/44385\/revisions"}],"predecessor-version":[{"id":44390,"href":"https:\/\/iuzb.de\/index.php?rest_route=\/wp\/v2\/posts\/44385\/revisions\/44390"}],"wp:attachment":[{"href":"https:\/\/iuzb.de\/index.php?rest_route=%2Fwp%2Fv2%2Fmedia&parent=44385"}],"wp:term":[{"taxonomy":"category","embeddable":true,"href":"https:\/\/iuzb.de\/index.php?rest_route=%2Fwp%2Fv2%2Fcategories&post=44385"},{"taxonomy":"post_tag","embeddable":true,"href":"https:\/\/iuzb.de\/index.php?rest_route=%2Fwp%2Fv2%2Ftags&post=44385"}],"curies":[{"name":"wp","href":"https:\/\/api.w.org\/{rel}","templated":true}]}}