{"id":44329,"date":"2024-01-31T10:42:20","date_gmt":"2024-01-31T09:42:20","guid":{"rendered":"https:\/\/iuzb.de\/?p=44329"},"modified":"2024-01-31T10:49:06","modified_gmt":"2024-01-31T09:49:06","slug":"vivantes-klinikum-im-friedrichshain-unter-neuer-aerztlicher-leitung","status":"publish","type":"post","link":"https:\/\/iuzb.de\/?p=44329","title":{"rendered":"Vivantes Klinikum im Friedrichshain unter neuer \u00e4rztlicher Leitung"},"content":{"rendered":"<p style=\"text-align: justify;\"><strong>Prof. Dr. Sven Kantelhardt wird \u00c4rztlicher Direktor<\/strong><br \/>\n<strong><a href=\"https:\/\/www.vivantes.de\/klinikum-im-friedrichshain\" target=\"_blank\" rel=\"noopener\">Vivantes Klinikum im Friedrichshain<\/a> unter neuer \u00e4rztlicher Leitung<\/strong><\/p>\n<p style=\"text-align: justify;\">Prof. Dr. Sven Kantelhardt, Chefarzt der Klinik f\u00fcr Neurochirurgie am Vivantes Klinikum im Friedrichshain \u00fcbernimmt den Staffelstab als \u00c4rztlicher Direktor des Standorts von Prof. Dr. Christian von Heymann. <a href=\"https:\/\/www.vivantes.de\/klinikum-im-friedrichshain\/unser-klinikum\/direktorium\" target=\"_blank\" rel=\"noopener\">Neben dem \u00c4rztlichen Direktor wird die Klinik von Martina Henke als Pflegedirektorin und Axel Gerlach als Gesch\u00e4ftsf\u00fchrendem Direktor geleitet<\/a>.<\/p>\n<p style=\"text-align: justify;\">Prof. Dr. Kantelhardt arbeitet seit Februar 2023 als Chefarzt der Klinik f\u00fcr Neurochirurgie bei Vivantes. Zu seinen Schwerpunkten geh\u00f6ren Sch\u00e4delbasis- und vaskul\u00e4re Neurochirurgie, operative Neuroonkologie und Wirbels\u00e4ulenchirurgie.<\/p>\n<p style=\"text-align: justify;\">Prof. Dr. Sven Kantelhardt:<\/p>\n<blockquote>\n<p style=\"text-align: justify;\">\u201eIch freue mich \u00fcber das Vertrauen, welches mir nach so wenigen Monaten mit der \u00dcbertragung der Aufgabe als \u00c4rztlicher Direktor entgegengebracht wird. F\u00fcr mich pers\u00f6nlich ist es spannend und bereichernd, in einem Klinikum der Maximalversorgung, \u00fcberregionalem Traumazentrum, und zus\u00e4tzlich dem \u00e4ltesten st\u00e4dtischen Krankenhaus Berlins diese Verantwortung zu \u00fcbernehmen.\u201c<\/p>\n<\/blockquote>\n<p style=\"text-align: justify;\"><span style=\"text-decoration: underline;\">Vita<\/span><br \/>\nDas Studium der Humanmedizin absolvierte Prof. Sven Kantelhardt an der Justus-Liebig-Universit\u00e4t in Gie\u00dfen mit Auslandsaufenthalten an der spanischen Universidad de C\u00e1diz, der University of Louisville und dem Kantonspital Winterthur. 2003 begann er seine \u00e4rztliche T\u00e4tigkeit als Missionsarzt in Ruanda. Es folgten Assistenzarztstellen in Winterthur, L\u00fcbeck und G\u00f6ttingen, wo er 2010 die Facharztpr\u00fcfung zum Neurochirurgen ablegte und sich f\u00fcr das Fach habilitierte. 2011 wechselte er als Oberarzt und ab 2012 als leitender Oberarzt nach Mainz. Nach einem kurzen Aufenthalt als \u201evisiting professor\u201c am Seoul National University Hospital nahm er 2013, damals als j\u00fcngster Professor f\u00fcr Neurochirurgie in Deutschland, einen Ruf auf die Juniorprofessur f\u00fcr \u201eIntraoperative Bildgebung und Gewebeanalyse\u201c an der Johannes-Gutenberg-Universit\u00e4t Mainz an. Nach dem Auslaufen der Juniorprofessur wurde ihm 2019 die APL-Professur f\u00fcr Neurochirurgie verliehen.<\/p>\n<p style=\"text-align: justify;\"><span style=\"text-decoration: underline;\">Hintergrund<\/span><br \/>\nDas Vivantes Klinikum im Friedrichshain am Standort Landsberger Allee ist mit 24 medizinischen Fachabteilungen, 9 Zentren, 995 Betten und 2.148 Mitarbeitenden ein Krankenhaus der Maximalversorgung. J\u00e4hrlich werden hier \u00fcber 100.000 Patient*innen behandelt. In der Geburtsklinik erblicken jedes Jahr \u00fcber 3000 Babys das Licht der Welt. F\u00fcr die Versorgung von Fr\u00fchgeborenen und erkrankte S\u00e4uglinge verf\u00fcgt das Klinikum \u00fcber ein Perinatalzentrum (Level 1). [Siehe auch PM vom 19.01.2024: &#8222;<a href=\"https:\/\/www.vivantes.de\/unternehmen\/presse\/pressemitteilungen\/presse-detail\/news\/neubau-mit-modernen-kreisssaelen-feierlich-eroeffnet\" target=\"_blank\" rel=\"noopener\">Neubau mit modernen Krei\u00dfs\u00e4len feierlich er\u00f6ffnet \/ Geburtsmedizin im Vivantes Klinikum im Friedrichshain erweitert<\/a>&#8222;]<\/p>\n<p>Quelle: Vivantes Netzwerk f\u00fcr Gesundheit GmbH, Pressemitteilung vom 31.01.2024<\/p>\n<p>&nbsp;<\/p>\n","protected":false},"excerpt":{"rendered":"<p>Prof. Dr. Sven Kantelhardt wird \u00c4rztlicher Direktor Vivantes Klinikum im Friedrichshain unter neuer \u00e4rztlicher Leitung Prof. Dr. Sven Kantelhardt, Chefarzt der Klinik f\u00fcr Neurochirurgie am Vivantes Klinikum im Friedrichshain \u00fcbernimmt [&#8230;]<\/p>\n","protected":false},"author":13,"featured_media":0,"comment_status":"closed","ping_status":"closed","sticky":false,"template":"","format":"standard","meta":{"ngg_post_thumbnail":0,"iawp_total_views":51,"footnotes":""},"categories":[177,284],"tags":[],"class_list":["post-44329","post","type-post","status-publish","format-standard","hentry","category-berlin","category-vivantes"],"_links":{"self":[{"href":"https:\/\/iuzb.de\/index.php?rest_route=\/wp\/v2\/posts\/44329","targetHints":{"allow":["GET"]}}],"collection":[{"href":"https:\/\/iuzb.de\/index.php?rest_route=\/wp\/v2\/posts"}],"about":[{"href":"https:\/\/iuzb.de\/index.php?rest_route=\/wp\/v2\/types\/post"}],"author":[{"embeddable":true,"href":"https:\/\/iuzb.de\/index.php?rest_route=\/wp\/v2\/users\/13"}],"replies":[{"embeddable":true,"href":"https:\/\/iuzb.de\/index.php?rest_route=%2Fwp%2Fv2%2Fcomments&post=44329"}],"version-history":[{"count":9,"href":"https:\/\/iuzb.de\/index.php?rest_route=\/wp\/v2\/posts\/44329\/revisions"}],"predecessor-version":[{"id":44338,"href":"https:\/\/iuzb.de\/index.php?rest_route=\/wp\/v2\/posts\/44329\/revisions\/44338"}],"wp:attachment":[{"href":"https:\/\/iuzb.de\/index.php?rest_route=%2Fwp%2Fv2%2Fmedia&parent=44329"}],"wp:term":[{"taxonomy":"category","embeddable":true,"href":"https:\/\/iuzb.de\/index.php?rest_route=%2Fwp%2Fv2%2Fcategories&post=44329"},{"taxonomy":"post_tag","embeddable":true,"href":"https:\/\/iuzb.de\/index.php?rest_route=%2Fwp%2Fv2%2Ftags&post=44329"}],"curies":[{"name":"wp","href":"https:\/\/api.w.org\/{rel}","templated":true}]}}