{"id":44022,"date":"2024-01-10T14:53:31","date_gmt":"2024-01-10T13:53:31","guid":{"rendered":"https:\/\/iuzb.de\/?p=44022"},"modified":"2024-02-15T23:30:44","modified_gmt":"2024-02-15T22:30:44","slug":"15-02-2024-einladung-delegiertenversammlung-der-zahnaehrztekammer-berlin","status":"publish","type":"post","link":"https:\/\/iuzb.de\/?p=44022","title":{"rendered":"15.02.2024: Einladung Delegiertenversammlung der Zahn\u00e4rztekammer Berlin"},"content":{"rendered":"<p><a href=\"https:\/\/iuzb.de\/wp-content\/uploads\/2024\/01\/2024-02-15-Einladung-DV-ZAEKBerlin.jpg\"><img loading=\"lazy\" decoding=\"async\" class=\"alignnone size-full wp-image-44024\" src=\"https:\/\/iuzb.de\/wp-content\/uploads\/2024\/01\/2024-02-15-Einladung-DV-ZAEKBerlin.jpg\" alt=\"\" width=\"774\" height=\"306\" srcset=\"https:\/\/iuzb.de\/wp-content\/uploads\/2024\/01\/2024-02-15-Einladung-DV-ZAEKBerlin.jpg 774w, https:\/\/iuzb.de\/wp-content\/uploads\/2024\/01\/2024-02-15-Einladung-DV-ZAEKBerlin-450x178.jpg 450w, https:\/\/iuzb.de\/wp-content\/uploads\/2024\/01\/2024-02-15-Einladung-DV-ZAEKBerlin-304x120.jpg 304w, https:\/\/iuzb.de\/wp-content\/uploads\/2024\/01\/2024-02-15-Einladung-DV-ZAEKBerlin-768x304.jpg 768w\" sizes=\"auto, (max-width: 774px) 100vw, 774px\" \/><\/a><\/p>\n<p>&nbsp;<\/p>\n<p><span style=\"text-decoration: underline;\">Tagesordnung:<\/span><\/p>\n<table style=\"border-collapse: collapse; width: 100%; height: 264px;\">\n<tbody>\n<tr style=\"height: 24px;\">\n<td style=\"width: 4.9047%; text-align: left; vertical-align: top; height: 24px;\">1.<\/td>\n<td style=\"width: 80.1904%; text-align: left; vertical-align: top; height: 24px;\">Begr\u00fc\u00dfung, Ehrung der Verstorbenen<\/td>\n<td style=\"width: 14.9048%; text-align: left; vertical-align: top; height: 24px;\">&nbsp;<\/td>\n<\/tr>\n<tr style=\"height: 24px;\">\n<td style=\"width: 4.9047%; text-align: left; vertical-align: top; height: 24px;\">2.<\/td>\n<td style=\"width: 80.1904%; text-align: left; vertical-align: top; height: 24px;\">Protokollgenehmigung, Einspr\u00fcche<\/td>\n<td style=\"width: 14.9048%; text-align: left; vertical-align: top; height: 24px;\">&nbsp;<\/td>\n<\/tr>\n<tr style=\"height: 48px;\">\n<td style=\"width: 4.9047%; text-align: left; vertical-align: top; height: 48px;\">3.<\/td>\n<td style=\"width: 80.1904%; text-align: left; vertical-align: top; height: 48px;\">Novellierung Weiterbildungsordnung \u2013\u00c4nderungen allg.z\u00e4. Jahr + Anpassung an das Berliner Heilberufekammergesetz (BlnHKG)\u201c<\/td>\n<td style=\"width: 14.9048%; text-align: left; vertical-align: top; height: 48px;\">Anlage a)<\/td>\n<\/tr>\n<tr style=\"height: 24px;\">\n<td style=\"width: 4.9047%; text-align: left; vertical-align: top; height: 24px;\">4.<\/td>\n<td style=\"width: 80.1904%; text-align: left; vertical-align: top; height: 24px;\">Bericht des Vorstandes<\/td>\n<td style=\"width: 14.9048%; text-align: left; vertical-align: top; height: 24px;\">&nbsp;<\/td>\n<\/tr>\n<tr style=\"height: 24px;\">\n<td style=\"width: 4.9047%; text-align: left; vertical-align: top; height: 24px;\">5.<\/td>\n<td style=\"width: 80.1904%; text-align: left; vertical-align: top; height: 24px;\">Fragestunde<\/td>\n<td style=\"width: 14.9048%; text-align: left; vertical-align: top; height: 24px;\">&nbsp;<\/td>\n<\/tr>\n<tr style=\"height: 24px;\">\n<td style=\"width: 4.9047%; text-align: left; vertical-align: top; height: 24px;\">6.<\/td>\n<td style=\"width: 80.1904%; text-align: left; vertical-align: top; height: 24px;\">Antr\u00e4ge<\/td>\n<td style=\"width: 14.9048%; text-align: left; vertical-align: top; height: 24px;\">&nbsp;<\/td>\n<\/tr>\n<tr style=\"height: 24px;\">\n<td style=\"width: 4.9047%; text-align: left; vertical-align: top; height: 24px;\">&nbsp;<\/td>\n<td style=\"width: 80.1904%; text-align: left; vertical-align: top; height: 24px;\">a) Vorschlag Aufgaben HHA \/Entwurf \u00c4nderung Hauptsatzung<\/td>\n<td style=\"width: 14.9048%; text-align: left; vertical-align: top; height: 24px;\">Anlage b)<\/td>\n<\/tr>\n<tr style=\"height: 24px;\">\n<td style=\"width: 4.9047%; text-align: left; vertical-align: top; height: 24px;\">&nbsp;<\/td>\n<td style=\"width: 80.1904%; text-align: left; vertical-align: top; height: 24px;\">b) \u00c4nderung der Gesch\u00e4ftsordnung der DV in \u00a7 9 Abs. 6 S\u00e4tze 3,4 GO-DV\u201c<\/td>\n<td style=\"width: 14.9048%; text-align: left; vertical-align: top; height: 24px;\">Anlage c)<\/td>\n<\/tr>\n<tr style=\"height: 24px;\">\n<td style=\"width: 4.9047%; text-align: left; vertical-align: top; height: 24px;\">&nbsp;<\/td>\n<td style=\"width: 80.1904%; text-align: left; vertical-align: top; height: 24px;\">c) \u00c4nderung der Gesch\u00e4ftsordnung der DV in \u00a7 9 Abs. 6 Satz 4 GO-DV\u201c<\/td>\n<td style=\"width: 14.9048%; text-align: left; vertical-align: top; height: 24px;\">Anlage d)<\/td>\n<\/tr>\n<tr style=\"height: 24px;\">\n<td style=\"width: 4.9047%; text-align: left; vertical-align: top; height: 24px;\">&nbsp;<\/td>\n<td style=\"width: 80.1904%; text-align: left; vertical-align: top; height: 24px;\">d) Wahlordnung zur Wahl der Mitglieder der Delegiertenversammlung der Z\u00c4K vom 11.Mai 2023<\/td>\n<td style=\"width: 14.9048%; text-align: left; vertical-align: top; height: 24px;\">Anlage e)<\/td>\n<\/tr>\n<tr>\n<td style=\"width: 4.9047%; text-align: left; vertical-align: top;\">&nbsp;<\/td>\n<td style=\"width: 80.1904%; text-align: left; vertical-align: top;\">e) Gesch\u00e4ftsordnung des Haushalts-, Rechnungs-und Zahlungsstellenpr\u00fcfungsauschusses der ZAEK Berlin<\/td>\n<td style=\"width: 14.9048%; text-align: left; vertical-align: top;\">Anlage f)<\/td>\n<\/tr>\n<tr>\n<td style=\"width: 4.9047%; text-align: left; vertical-align: top;\">7.<\/td>\n<td style=\"width: 80.1904%; text-align: left; vertical-align: top;\">Verschiedenes<\/td>\n<td style=\"width: 14.9048%; text-align: left; vertical-align: top;\">&nbsp;<\/td>\n<\/tr>\n<\/tbody>\n<\/table>\n<p>&nbsp;<\/p>\n","protected":false},"excerpt":{"rendered":"<p>&nbsp; Tagesordnung: 1. Begr\u00fc\u00dfung, Ehrung der Verstorbenen &nbsp; 2. Protokollgenehmigung, Einspr\u00fcche &nbsp; 3. Novellierung Weiterbildungsordnung \u2013\u00c4nderungen allg.z\u00e4. Jahr + Anpassung an das Berliner Heilberufekammergesetz (BlnHKG)\u201c Anlage a) 4. Bericht des [&#8230;]<\/p>\n","protected":false},"author":13,"featured_media":44036,"comment_status":"closed","ping_status":"closed","sticky":false,"template":"","format":"standard","meta":{"ngg_post_thumbnail":0,"iawp_total_views":0,"footnotes":""},"categories":[91,46],"tags":[],"class_list":["post-44022","post","type-post","status-publish","format-standard","has-post-thumbnail","hentry","category-delegiertenversammlung","category-zahnaerztekammer-berlin"],"_links":{"self":[{"href":"https:\/\/iuzb.de\/index.php?rest_route=\/wp\/v2\/posts\/44022","targetHints":{"allow":["GET"]}}],"collection":[{"href":"https:\/\/iuzb.de\/index.php?rest_route=\/wp\/v2\/posts"}],"about":[{"href":"https:\/\/iuzb.de\/index.php?rest_route=\/wp\/v2\/types\/post"}],"author":[{"embeddable":true,"href":"https:\/\/iuzb.de\/index.php?rest_route=\/wp\/v2\/users\/13"}],"replies":[{"embeddable":true,"href":"https:\/\/iuzb.de\/index.php?rest_route=%2Fwp%2Fv2%2Fcomments&post=44022"}],"version-history":[{"count":15,"href":"https:\/\/iuzb.de\/index.php?rest_route=\/wp\/v2\/posts\/44022\/revisions"}],"predecessor-version":[{"id":44485,"href":"https:\/\/iuzb.de\/index.php?rest_route=\/wp\/v2\/posts\/44022\/revisions\/44485"}],"wp:featuredmedia":[{"embeddable":true,"href":"https:\/\/iuzb.de\/index.php?rest_route=\/wp\/v2\/media\/44036"}],"wp:attachment":[{"href":"https:\/\/iuzb.de\/index.php?rest_route=%2Fwp%2Fv2%2Fmedia&parent=44022"}],"wp:term":[{"taxonomy":"category","embeddable":true,"href":"https:\/\/iuzb.de\/index.php?rest_route=%2Fwp%2Fv2%2Fcategories&post=44022"},{"taxonomy":"post_tag","embeddable":true,"href":"https:\/\/iuzb.de\/index.php?rest_route=%2Fwp%2Fv2%2Ftags&post=44022"}],"curies":[{"name":"wp","href":"https:\/\/api.w.org\/{rel}","templated":true}]}}