{"id":43911,"date":"2023-12-17T20:38:12","date_gmt":"2023-12-17T19:38:12","guid":{"rendered":"https:\/\/iuzb.de\/?p=43911"},"modified":"2024-02-19T19:23:03","modified_gmt":"2024-02-19T18:23:03","slug":"zaek-berlin-nachrueckender-delegierter-in-die-delegiertenversammlung","status":"publish","type":"post","link":"https:\/\/iuzb.de\/?p=43911","title":{"rendered":"Z\u00c4K Berlin: Nachr\u00fcckender Delegierter in die Delegiertenversammlung"},"content":{"rendered":"<p><a href=\"https:\/\/www.berlin.de\/landesverwaltungsamt\/_assets\/logistikservice\/amtsblatt-fuer-berlin\/abl_2023_52_4789_4920_online.pdf?ts=1702425623\" target=\"_blank\" rel=\"noopener\">Amtsblatt f\u00fcr Berlin, Nummer 52 vom 08.12.2023<\/a>,<br \/>\nSeite 4874:<\/p>\n<blockquote>\n<p style=\"text-align: center;\">Nachr\u00fcckender Delegierter<br \/>\nBekanntmachung vom 29. November 2023<br \/>\nDa <strong>Herr Dr. Detlef F\u00f6rster<\/strong>, xxxxxxx, 16321 Bernau, sein Amt als Delegierter<br \/>\nam 12.11.2023 mit sofortiger Wirkung niedergelegt hat, r\u00fcckt<br \/>\n<strong>Herr<\/strong> <strong>Dr. Alexander Moegelin<\/strong><br \/>\nxxxxxxx, 10623 Berlin, mit sofortiger Wirkung als Delegierter in die<br \/>\nDelegiertenversammlung der 16. Amtsperiode 2021 bis 2025 nach.<\/p>\n<\/blockquote>\n<p><a href=\"https:\/\/www.berlin.de\/landesverwaltungsamt\/logistikservice\/amtsblatt-fuer-berlin\/\" target=\"_blank\" rel=\"noopener\">Amtsblatt f\u00fcr Berlin<\/a><\/p>\n<p>&nbsp;<\/p>\n<p>&nbsp;<\/p>\n<p>&nbsp;<\/p>\n","protected":false},"excerpt":{"rendered":"<p>Amtsblatt f\u00fcr Berlin, Nummer 52 vom 08.12.2023, Seite 4874: Nachr\u00fcckender Delegierter Bekanntmachung vom 29. November 2023 Da Herr Dr. Detlef F\u00f6rster, xxxxxxx, 16321 Bernau, sein Amt als Delegierter am 12.11.2023 [&#8230;]<\/p>\n","protected":false},"author":13,"featured_media":0,"comment_status":"closed","ping_status":"closed","sticky":false,"template":"","format":"standard","meta":{"ngg_post_thumbnail":0,"iawp_total_views":4,"footnotes":""},"categories":[91,46],"tags":[],"class_list":["post-43911","post","type-post","status-publish","format-standard","hentry","category-delegiertenversammlung","category-zahnaerztekammer-berlin"],"_links":{"self":[{"href":"https:\/\/iuzb.de\/index.php?rest_route=\/wp\/v2\/posts\/43911","targetHints":{"allow":["GET"]}}],"collection":[{"href":"https:\/\/iuzb.de\/index.php?rest_route=\/wp\/v2\/posts"}],"about":[{"href":"https:\/\/iuzb.de\/index.php?rest_route=\/wp\/v2\/types\/post"}],"author":[{"embeddable":true,"href":"https:\/\/iuzb.de\/index.php?rest_route=\/wp\/v2\/users\/13"}],"replies":[{"embeddable":true,"href":"https:\/\/iuzb.de\/index.php?rest_route=%2Fwp%2Fv2%2Fcomments&post=43911"}],"version-history":[{"count":2,"href":"https:\/\/iuzb.de\/index.php?rest_route=\/wp\/v2\/posts\/43911\/revisions"}],"predecessor-version":[{"id":44525,"href":"https:\/\/iuzb.de\/index.php?rest_route=\/wp\/v2\/posts\/43911\/revisions\/44525"}],"wp:attachment":[{"href":"https:\/\/iuzb.de\/index.php?rest_route=%2Fwp%2Fv2%2Fmedia&parent=43911"}],"wp:term":[{"taxonomy":"category","embeddable":true,"href":"https:\/\/iuzb.de\/index.php?rest_route=%2Fwp%2Fv2%2Fcategories&post=43911"},{"taxonomy":"post_tag","embeddable":true,"href":"https:\/\/iuzb.de\/index.php?rest_route=%2Fwp%2Fv2%2Ftags&post=43911"}],"curies":[{"name":"wp","href":"https:\/\/api.w.org\/{rel}","templated":true}]}}