{"id":43890,"date":"2023-12-14T14:34:54","date_gmt":"2023-12-14T13:34:54","guid":{"rendered":"https:\/\/iuzb.de\/?p=43890"},"modified":"2023-12-14T14:35:40","modified_gmt":"2023-12-14T13:35:40","slug":"bundesgerichtshof-bestaetigt-urteil-gegen-anaesthesisten-wegen-hepatitis-c-infektion-von-patientinnen-und-patienten","status":"publish","type":"post","link":"https:\/\/iuzb.de\/?p=43890","title":{"rendered":"Bundesgerichtshof best\u00e4tigt Urteil gegen An\u00e4sthesisten wegen Hepatitis C-Infektion von Patientinnen und Patienten"},"content":{"rendered":"<p style=\"text-align: justify;\">Das Landgericht hat den Angeklagten wegen gef\u00e4hrlicher K\u00f6rperverletzung in 51 F\u00e4llen sowie wegen Unterschlagung zu einer Gesamtfreiheitsstrafe von zwei Jahren verurteilt und die Vollstreckung dieser Strafe zur Bew\u00e4hrung ausgesetzt.<\/p>\n<p style=\"text-align: justify;\">Nach den Feststellungen des Landgerichts war der als Oberarzt der An\u00e4sthesie in einem Krankenhaus t\u00e4tige Angeklagte selbst mit dem Hepatitis C-Virus infiziert. Im Zeitraum von Februar 2017 bis April 2018 hat er in 51 F\u00e4llen Patientinnen und Patienten bei Operationen unter eklatanter Missachtung geltender Hygienevorschriften mit diesem Hepatitis C-Virus infiziert und bei seiner T\u00e4tigkeit diese Infektionen billigend in Kauf genommen.<\/p>\n<p style=\"text-align: justify;\">Die revisionsgerichtliche \u00dcberpr\u00fcfung des Urteils durch den 1. Strafsenat des Bundesgerichtshofs hat keinen Rechtsfehler zum Nachteil des Angeklagten ergeben. Der Senat hat die Revision des Angeklagten daher verworfen.<\/p>\n<p style=\"text-align: justify;\">Das Urteil des Landgerichts ist damit rechtskr\u00e4ftig.<\/p>\n<p>Vorinstanz:<\/p>\n<p>LG Augsburg &#8211; Urteil vom 30. Juni 2023 \u2013 3 KLs 200 Js 137689\/18<\/p>\n<p>Quelle: Bundesgerichtshof, <a href=\"https:\/\/www.bundesgerichtshof.de\/SharedDocs\/Pressemitteilungen\/DE\/2023\/2023207.html\" target=\"_blank\" rel=\"noopener\">Pressemitteilung vom 14.12.2023<\/a> zum Beschluss vom 28.11.2023 \u2013 1 StR 409\/23<\/p>\n<p>&nbsp;<\/p>\n<p>&nbsp;<\/p>\n","protected":false},"excerpt":{"rendered":"<p>Das Landgericht hat den Angeklagten wegen gef\u00e4hrlicher K\u00f6rperverletzung in 51 F\u00e4llen sowie wegen Unterschlagung zu einer Gesamtfreiheitsstrafe von zwei Jahren verurteilt und die Vollstreckung dieser Strafe zur Bew\u00e4hrung ausgesetzt. Nach [&#8230;]<\/p>\n","protected":false},"author":13,"featured_media":0,"comment_status":"closed","ping_status":"closed","sticky":false,"template":"","format":"standard","meta":{"ngg_post_thumbnail":0,"iawp_total_views":2,"footnotes":""},"categories":[82,350,68],"tags":[],"class_list":["post-43890","post","type-post","status-publish","format-standard","hentry","category-bgh","category-medizinrecht","category-recht"],"_links":{"self":[{"href":"https:\/\/iuzb.de\/index.php?rest_route=\/wp\/v2\/posts\/43890","targetHints":{"allow":["GET"]}}],"collection":[{"href":"https:\/\/iuzb.de\/index.php?rest_route=\/wp\/v2\/posts"}],"about":[{"href":"https:\/\/iuzb.de\/index.php?rest_route=\/wp\/v2\/types\/post"}],"author":[{"embeddable":true,"href":"https:\/\/iuzb.de\/index.php?rest_route=\/wp\/v2\/users\/13"}],"replies":[{"embeddable":true,"href":"https:\/\/iuzb.de\/index.php?rest_route=%2Fwp%2Fv2%2Fcomments&post=43890"}],"version-history":[{"count":2,"href":"https:\/\/iuzb.de\/index.php?rest_route=\/wp\/v2\/posts\/43890\/revisions"}],"predecessor-version":[{"id":43892,"href":"https:\/\/iuzb.de\/index.php?rest_route=\/wp\/v2\/posts\/43890\/revisions\/43892"}],"wp:attachment":[{"href":"https:\/\/iuzb.de\/index.php?rest_route=%2Fwp%2Fv2%2Fmedia&parent=43890"}],"wp:term":[{"taxonomy":"category","embeddable":true,"href":"https:\/\/iuzb.de\/index.php?rest_route=%2Fwp%2Fv2%2Fcategories&post=43890"},{"taxonomy":"post_tag","embeddable":true,"href":"https:\/\/iuzb.de\/index.php?rest_route=%2Fwp%2Fv2%2Ftags&post=43890"}],"curies":[{"name":"wp","href":"https:\/\/api.w.org\/{rel}","templated":true}]}}