{"id":43778,"date":"2023-11-29T08:22:47","date_gmt":"2023-11-29T07:22:47","guid":{"rendered":"https:\/\/iuzb.de\/?p=43778"},"modified":"2023-12-13T11:45:49","modified_gmt":"2023-12-13T10:45:49","slug":"11-12-2023-einladung-zur-vertreterversammlung-der-kzv-berlin","status":"publish","type":"post","link":"https:\/\/iuzb.de\/?p=43778","title":{"rendered":"11.12.2023: Einladung zur Vertreterversammlung der KZV Berlin"},"content":{"rendered":"<p style=\"text-align: justify;\">Die n\u00e4chste Vertreterversammlung findet statt am<\/p>\n<ul style=\"text-align: justify;\">\n<li>Montag, 11.12.2023,<\/li>\n<li>von 19:00 &#8211; 23:00 Uhr<\/li>\n<li>in der Kassenzahn\u00e4rztlichen Vereinigung Berlin, Georg-Wilhelm-Stra\u00dfe 16, 10711 Berlin<\/li>\n<\/ul>\n<p style=\"text-align: justify;\">Etwa zwei Wochen vor diesem Termin finden Sie hier ( <a href=\"https:\/\/www.kzv-berlin.de\/ueber-uns\/organe-und-struktur\/vertreterversammlung\" target=\"_blank\" rel=\"noopener\">https:\/\/www.kzv-berlin.de\/ueber-uns\/organe-und-struktur\/vertreterversammlung<\/a> ) die Tagesordnung.<\/p>\n<p>&nbsp;<\/p>\n<p><a href=\"https:\/\/www.kzv-berlin.de\/fileadmin\/user_upload_kzv\/KZV_Berlin\/1_Vertreterversammlung\/TO_11122023.pdf\" target=\"_blank\" rel=\"noopener\">Tagesordnung<\/a>:<\/p>\n<table style=\"border-collapse: collapse; width: 100%; height: 434px;\">\n<tbody>\n<tr style=\"height: 24px;\">\n<td style=\"width: 7.85719%; text-align: left; vertical-align: top; height: 24px;\">1.<\/td>\n<td style=\"width: 92.1429%; text-align: left; vertical-align: top; height: 24px;\">Begr\u00fc\u00dfung, Feststellung der Anwesenheit, Totenehrung<\/td>\n<\/tr>\n<tr style=\"height: 24px;\">\n<td style=\"width: 7.85719%; text-align: left; vertical-align: top; height: 24px;\">2.<\/td>\n<td style=\"width: 92.1429%; text-align: left; vertical-align: top; height: 24px;\">Wahl von Gutachtern\/Obergutachtern f\u00fcr den Bereich ZE (Anlage 1)<\/td>\n<\/tr>\n<tr style=\"height: 24px;\">\n<td style=\"width: 7.85719%; text-align: left; vertical-align: top; height: 24px;\">3.<\/td>\n<td style=\"width: 92.1429%; text-align: left; vertical-align: top; height: 24px;\">Protokoll der VV vom 04.09.2023<\/td>\n<\/tr>\n<tr style=\"height: 24px;\">\n<td style=\"width: 7.85719%; text-align: left; vertical-align: top; height: 24px;\">4.<\/td>\n<td style=\"width: 92.1429%; text-align: left; vertical-align: top; height: 24px;\">Bericht der Vorsitzenden der VV<\/td>\n<\/tr>\n<tr style=\"height: 24px;\">\n<td style=\"width: 7.85719%; text-align: left; vertical-align: top; height: 24px;\">5.<\/td>\n<td style=\"width: 92.1429%; text-align: left; vertical-align: top; height: 24px;\">Bericht(e) aus den Aussch\u00fcssen<\/td>\n<\/tr>\n<tr style=\"height: 24px;\">\n<td style=\"width: 7.85719%; text-align: left; vertical-align: top; height: 24px;\">6.<\/td>\n<td style=\"width: 92.1429%; text-align: left; vertical-align: top; height: 24px;\">Bericht des Vorstandes<\/td>\n<\/tr>\n<tr style=\"height: 24px;\">\n<td style=\"width: 7.85719%; text-align: left; vertical-align: top; height: 24px;\">7.<\/td>\n<td style=\"width: 92.1429%; text-align: left; vertical-align: top; height: 24px;\">Fragestunde<\/td>\n<\/tr>\n<tr style=\"height: 24px;\">\n<td style=\"width: 7.85719%; text-align: left; vertical-align: top; height: 24px;\">8.<\/td>\n<td style=\"width: 92.1429%; text-align: left; vertical-align: top; height: 24px;\">Antr\u00e4ge<\/td>\n<\/tr>\n<tr style=\"height: 170px;\">\n<td style=\"width: 7.85719%; text-align: left; vertical-align: top; height: 170px;\">9.<\/td>\n<td style=\"width: 92.1429%; text-align: left; vertical-align: top; height: 170px;\">Feststellung und Genehmigung des Haushaltsplanes und Investitionshaushaltes<br \/>\nf\u00fcr das Rechnungsjahr 2024 gem\u00e4\u00df \u00a7 70 Abs. 1 S. 2 SGB IV (Anlage 2)<br \/>\n&#8211; Bericht der Gesch\u00e4ftsf\u00fchrung<br \/>\n&#8211; Bericht des Haushaltsausschusses<br \/>\n&#8211; Beschluss<br \/>\n1) Erfolgshaushalt<br \/>\n2) Investitionshaushalt<\/td>\n<\/tr>\n<tr style=\"height: 48px;\">\n<td style=\"width: 7.85719%; text-align: left; vertical-align: top; height: 48px;\">10.<\/td>\n<td style=\"width: 92.1429%; text-align: left; vertical-align: top; height: 48px;\">Gesch\u00e4ftsordnung der VV der KZV Berlin (Anlage 3)<br \/>\n&#8211; Beschluss<\/td>\n<\/tr>\n<tr style=\"height: 24px;\">\n<td style=\"width: 7.85719%; text-align: left; vertical-align: top; height: 24px;\">11.<\/td>\n<td style=\"width: 92.1429%; text-align: left; vertical-align: top; height: 24px;\">Verschiedenes\/Sitzungstermine 2024<\/td>\n<\/tr>\n<\/tbody>\n<\/table>\n<p>&nbsp;<\/p>\n<p>&nbsp;<\/p>\n<p>&nbsp;<\/p>\n<p>&nbsp;<\/p>\n","protected":false},"excerpt":{"rendered":"<p>Die n\u00e4chste Vertreterversammlung findet statt am Montag, 11.12.2023, von 19:00 &#8211; 23:00 Uhr in der Kassenzahn\u00e4rztlichen Vereinigung Berlin, Georg-Wilhelm-Stra\u00dfe 16, 10711 Berlin Etwa zwei Wochen vor diesem Termin finden Sie [&#8230;]<\/p>\n","protected":false},"author":13,"featured_media":43825,"comment_status":"closed","ping_status":"closed","sticky":false,"template":"","format":"standard","meta":{"ngg_post_thumbnail":0,"iawp_total_views":1,"footnotes":""},"categories":[45,97],"tags":[],"class_list":["post-43778","post","type-post","status-publish","format-standard","has-post-thumbnail","hentry","category-kzv-berlin","category-vertreterversammlung-kzv-berlin"],"_links":{"self":[{"href":"https:\/\/iuzb.de\/index.php?rest_route=\/wp\/v2\/posts\/43778","targetHints":{"allow":["GET"]}}],"collection":[{"href":"https:\/\/iuzb.de\/index.php?rest_route=\/wp\/v2\/posts"}],"about":[{"href":"https:\/\/iuzb.de\/index.php?rest_route=\/wp\/v2\/types\/post"}],"author":[{"embeddable":true,"href":"https:\/\/iuzb.de\/index.php?rest_route=\/wp\/v2\/users\/13"}],"replies":[{"embeddable":true,"href":"https:\/\/iuzb.de\/index.php?rest_route=%2Fwp%2Fv2%2Fcomments&post=43778"}],"version-history":[{"count":20,"href":"https:\/\/iuzb.de\/index.php?rest_route=\/wp\/v2\/posts\/43778\/revisions"}],"predecessor-version":[{"id":43863,"href":"https:\/\/iuzb.de\/index.php?rest_route=\/wp\/v2\/posts\/43778\/revisions\/43863"}],"wp:featuredmedia":[{"embeddable":true,"href":"https:\/\/iuzb.de\/index.php?rest_route=\/wp\/v2\/media\/43825"}],"wp:attachment":[{"href":"https:\/\/iuzb.de\/index.php?rest_route=%2Fwp%2Fv2%2Fmedia&parent=43778"}],"wp:term":[{"taxonomy":"category","embeddable":true,"href":"https:\/\/iuzb.de\/index.php?rest_route=%2Fwp%2Fv2%2Fcategories&post=43778"},{"taxonomy":"post_tag","embeddable":true,"href":"https:\/\/iuzb.de\/index.php?rest_route=%2Fwp%2Fv2%2Ftags&post=43778"}],"curies":[{"name":"wp","href":"https:\/\/api.w.org\/{rel}","templated":true}]}}