{"id":43757,"date":"2023-11-27T21:02:56","date_gmt":"2023-11-27T20:02:56","guid":{"rendered":"https:\/\/iuzb.de\/?p=43757"},"modified":"2025-09-05T18:28:33","modified_gmt":"2025-09-05T16:28:33","slug":"14-12-2023-einladung-11-ordentliche-delegiertenversammlung-der-zahnaerztekammer-berlin","status":"publish","type":"post","link":"https:\/\/iuzb.de\/?p=43757","title":{"rendered":"14.12.2023: Einladung 11. Ordentliche Delegiertenversammlung der Zahn\u00e4rztekammer Berlin"},"content":{"rendered":"<p><a href=\"https:\/\/iuzb.de\/wp-content\/uploads\/2023\/11\/2023-11-27-Einladung-11.-DV-ZAeK-Berlin-am-14.12.2023.jpg\" target=\"_blank\" rel=\"noopener\"><img loading=\"lazy\" decoding=\"async\" class=\"alignnone wp-image-43760\" src=\"https:\/\/iuzb.de\/wp-content\/uploads\/2023\/11\/2023-11-27-Einladung-11.-DV-ZAeK-Berlin-am-14.12.2023.jpg\" alt=\"\" width=\"1000\" height=\"260\" srcset=\"https:\/\/iuzb.de\/wp-content\/uploads\/2023\/11\/2023-11-27-Einladung-11.-DV-ZAeK-Berlin-am-14.12.2023.jpg 1136w, https:\/\/iuzb.de\/wp-content\/uploads\/2023\/11\/2023-11-27-Einladung-11.-DV-ZAeK-Berlin-am-14.12.2023-450x117.jpg 450w, https:\/\/iuzb.de\/wp-content\/uploads\/2023\/11\/2023-11-27-Einladung-11.-DV-ZAeK-Berlin-am-14.12.2023-330x86.jpg 330w, https:\/\/iuzb.de\/wp-content\/uploads\/2023\/11\/2023-11-27-Einladung-11.-DV-ZAeK-Berlin-am-14.12.2023-768x199.jpg 768w\" sizes=\"auto, (max-width: 1000px) 100vw, 1000px\" \/><\/a><\/p>\n<p>Quelle: <a href=\"https:\/\/www.zaek-berlin.de\/presse\/veranstaltungen\/veranstaltungen-detail\/article\/11-ordentliche-delegiertenversammlung-1\" target=\"_blank\" rel=\"noopener\">Webseite Z\u00c4K Berlin<\/a><\/p>\n<p>&nbsp;<\/p>\n<p>Auf der <a href=\"https:\/\/iuzb.de\/?p=43505\" target=\"_blank\" rel=\"noopener\">DV am 23.11.2023<\/a> wurde nicht alles geschafft.<\/p>\n<p><span style=\"text-decoration: underline;\"><strong>Tagesordnung<\/strong><\/span><\/p>\n<table style=\"border-collapse: collapse; width: 100%; height: 314px;\">\n<tbody>\n<tr style=\"height: 24px;\">\n<td style=\"width: 5.61901%; text-align: left; vertical-align: top; height: 24px;\">1.<\/td>\n<td style=\"width: 68.619%; text-align: left; vertical-align: top; height: 24px;\">Begr\u00fc\u00dfung, Ehrung Verstorbener<\/td>\n<td style=\"width: 25.7619%; text-align: left; vertical-align: top; height: 24px;\">&nbsp;<\/td>\n<\/tr>\n<tr style=\"height: 24px;\">\n<td style=\"width: 5.61901%; text-align: left; vertical-align: top; height: 24px;\">2.<\/td>\n<td style=\"width: 68.619%; text-align: left; vertical-align: top; height: 24px;\">Fragestunde<\/td>\n<td style=\"width: 25.7619%; text-align: left; vertical-align: top; height: 24px;\">&nbsp;<\/td>\n<\/tr>\n<tr>\n<td style=\"width: 5.61901%; text-align: left; vertical-align: top;\">3.<\/td>\n<td style=\"width: 68.619%; text-align: left; vertical-align: top;\">Antr\u00e4ge:<br \/>\na) Antrag des Vorstands zur \u00c4nderung der Geb\u00fchrenordnung\/Beschluss<br \/>\nb) Antrag des Vorstands auf Erlass der allgemeinen Entsch\u00e4digungsregelung\/Beschluss<br \/>\nc) Antrag des Vorstands: Arbeitsgruppe Ehrenamtsentsch\u00e4digung\/Beschluss<br \/>\nd) <a href=\"https:\/\/iuzb.de\/?p=43626\" target=\"_blank\" rel=\"noopener\">Antrag Austritt aus der BZ\u00c4K der Delegierten Gneist und andere<\/a>\/Beschluss<\/td>\n<td style=\"width: 25.7619%; text-align: left; vertical-align: top;\"><span style=\"color: #ffffff;\">.<\/span><br \/>\nAnlage f)<br \/>\nAnlage g)<br \/>\nAnlage j)<br \/>\nAnlage k)<\/td>\n<\/tr>\n<tr style=\"height: 24px;\">\n<td style=\"width: 5.61901%; text-align: left; vertical-align: top; height: 24px;\">4.<\/td>\n<td style=\"width: 68.619%; text-align: left; vertical-align: top; height: 24px;\">Wirtschaftsplan 2024 (h) (\u00a7 10 Abs. 2 Nr. 5 Hauptsatzung) \/ Beschluss<br \/>\nBericht des Haushalts-, Rechnungspr\u00fcfungs- und Zahlstellenpr\u00fcfungsausschusses<\/td>\n<td style=\"width: 25.7619%; text-align: left; vertical-align: top; height: 24px;\">Anlage h)<\/td>\n<\/tr>\n<tr style=\"height: 24px;\">\n<td style=\"width: 5.61901%; text-align: left; vertical-align: top; height: 24px;\">5.<\/td>\n<td style=\"width: 68.619%; text-align: left; vertical-align: top; height: 24px;\">Termine und Verschiedenes<\/td>\n<td style=\"width: 25.7619%; text-align: left; vertical-align: top; height: 24px;\">&nbsp;<\/td>\n<\/tr>\n<\/tbody>\n<\/table>\n<p><span style=\"color: #ffffff;\">.<\/span><\/p>\n<p>IUZB, 09.11.2023:<\/p>\n<ul>\n<li><a href=\"https:\/\/iuzb.de\/?p=43626\" target=\"_blank\" rel=\"noopener\">DV-Antrag: \u201eK\u00fcndigung der Mitgliedschaft der Zahn\u00e4rztekammer Berlin K.d.\u00f6.R. in der Arbeitsgemeinschaft Bundeszahn\u00e4rztekammer e.V.\u201c<\/a><\/li>\n<\/ul>\n<p>&nbsp;<\/p>\n","protected":false},"excerpt":{"rendered":"<p>Quelle: Webseite Z\u00c4K Berlin &nbsp; Auf der DV am 23.11.2023 wurde nicht alles geschafft. Tagesordnung 1. Begr\u00fc\u00dfung, Ehrung Verstorbener &nbsp; 2. Fragestunde &nbsp; 3. Antr\u00e4ge: a) Antrag des Vorstands zur [&#8230;]<\/p>\n","protected":false},"author":13,"featured_media":33267,"comment_status":"closed","ping_status":"closed","sticky":false,"template":"","format":"standard","meta":{"ngg_post_thumbnail":0,"iawp_total_views":1,"footnotes":""},"categories":[91,46],"tags":[],"class_list":["post-43757","post","type-post","status-publish","format-standard","has-post-thumbnail","hentry","category-delegiertenversammlung","category-zahnaerztekammer-berlin"],"_links":{"self":[{"href":"https:\/\/iuzb.de\/index.php?rest_route=\/wp\/v2\/posts\/43757","targetHints":{"allow":["GET"]}}],"collection":[{"href":"https:\/\/iuzb.de\/index.php?rest_route=\/wp\/v2\/posts"}],"about":[{"href":"https:\/\/iuzb.de\/index.php?rest_route=\/wp\/v2\/types\/post"}],"author":[{"embeddable":true,"href":"https:\/\/iuzb.de\/index.php?rest_route=\/wp\/v2\/users\/13"}],"replies":[{"embeddable":true,"href":"https:\/\/iuzb.de\/index.php?rest_route=%2Fwp%2Fv2%2Fcomments&post=43757"}],"version-history":[{"count":27,"href":"https:\/\/iuzb.de\/index.php?rest_route=\/wp\/v2\/posts\/43757\/revisions"}],"predecessor-version":[{"id":43860,"href":"https:\/\/iuzb.de\/index.php?rest_route=\/wp\/v2\/posts\/43757\/revisions\/43860"}],"wp:featuredmedia":[{"embeddable":true,"href":"https:\/\/iuzb.de\/index.php?rest_route=\/wp\/v2\/media\/33267"}],"wp:attachment":[{"href":"https:\/\/iuzb.de\/index.php?rest_route=%2Fwp%2Fv2%2Fmedia&parent=43757"}],"wp:term":[{"taxonomy":"category","embeddable":true,"href":"https:\/\/iuzb.de\/index.php?rest_route=%2Fwp%2Fv2%2Fcategories&post=43757"},{"taxonomy":"post_tag","embeddable":true,"href":"https:\/\/iuzb.de\/index.php?rest_route=%2Fwp%2Fv2%2Ftags&post=43757"}],"curies":[{"name":"wp","href":"https:\/\/api.w.org\/{rel}","templated":true}]}}