{"id":43508,"date":"2023-10-19T10:31:56","date_gmt":"2023-10-19T08:31:56","guid":{"rendered":"https:\/\/iuzb.de\/?p=43508"},"modified":"2023-10-19T10:38:17","modified_gmt":"2023-10-19T08:38:17","slug":"philipp-pfaff-preis-2023-der-zahnaerztekammer-berlin-dr-peter-nachtweh-fuer-sein-soziales-engagement-geehrt","status":"publish","type":"post","link":"https:\/\/iuzb.de\/?p=43508","title":{"rendered":"Philipp-Pfaff-Preis 2023 der Zahn\u00e4rztekammer Berlin: Dr. Peter Nachtweh f\u00fcr sein soziales Engagement geehrt"},"content":{"rendered":"<p style=\"text-align: justify;\">Die Zahn\u00e4rztekammer (Z\u00c4K) Berlin hat gestern Abend <strong>Dr. Peter Nachtweh<\/strong> im Harnack-Haus der Max-Planck-Gesellschaft mit dem Philipp-Pfaff-Preis ausgezeichnet. Der 79-j\u00e4hrige Berliner Zahnarzt erhielt den Preis f\u00fcr sein jahrzehntelanges herausragendes soziales Engagement. \u201eSich freiwillig, ehrenamtlich f\u00fcr einen guten Zweck einzusetzen, f\u00fcr Menschen, denen es weniger gut geht, ist in unserer Zeit immer weniger selbstverst\u00e4ndlich. Es ist ein ganz pragmatisches Engagement, das Peter Nachtweh auszeichnet: \u00c4rmel hochkrempeln und dort helfen, wo akut Hilfe gebraucht wird&#8220;, so <strong>Dr. Karsten Heegewaldt, Pr\u00e4sident der Z\u00c4K Berlin<\/strong>, in seiner Laudatio. Die Liste der ehrenamtlichen Eins\u00e4tze von Nachtweh, die Heegewaldt bei der Preisverleihung aufz\u00e4hlte, ist lang:<\/p>\n<p style=\"text-align: justify;\">Er engagierte sich u. a.<\/p>\n<ul style=\"text-align: justify;\">\n<li>als Vorsitzender der Landesarbeitsgemeinschaft Berlin zur Verh\u00fctung von Zahnerkrankungen e. V. (LAG Berlin) f\u00fcr die Gruppenprophylaxe,<\/li>\n<li style=\"text-align: justify;\">bei der zahnmedizinischen Versorgung von Obdachlosen und<\/li>\n<li style=\"text-align: justify;\">in der Fl\u00fcchtlingshilfe,<\/li>\n<li style=\"text-align: justify;\">als ehrenamtlicher Leiter f\u00fcr das Projekt \u201eGesunder Mund&#8220;<\/li>\n<li style=\"text-align: justify;\">sowie beim Mundgesundheitsprogramm bei \u201eSpecial Olympics&#8220;.<\/li>\n<\/ul>\n<p style=\"text-align: justify;\">Als einzelne Projekte hob Heegewaldt die Durchf\u00fchrung der zahnmedizinischen Screenings 2015 und 2016 in drei Fl\u00fcchtlingsunterk\u00fcnften sowie anschlie\u00dfende Versorgung in der eigenen Praxis hervor. \u201eNachtweh behandelte in seiner Praxis in Charlottenburg dar\u00fcber hinaus Obdachlose kostenlos, ohne viel Aufhebens darum zu machen.<\/p>\n<ul style=\"text-align: justify;\">\n<li style=\"text-align: justify;\">Im Auftrag der Dentists for Africa war er 2006 in Kenia unterwegs. Ein weiterer Ausweis seines hohen pers\u00f6nlichen Einsatzes f\u00fcr andere. Denn vor allem die Bev\u00f6lkerung entlegener l\u00e4ndlicher Gebiete Kenias hat kaum Zugang zu zahnmedizinischer Versorgung. Dentists for Africa hat Zahnstationen eingerichtet, von denen aus regelm\u00e4\u00dfig mobile Eins\u00e4tze in entlegene Gebiete durchgef\u00fchrt werden, bei denen er mitarbeitet.<\/li>\n<\/ul>\n<p style=\"text-align: justify;\">All diese Beispiele ehrenamtlichen Engagements zeigen uns: Eine Gesellschaft darf ihre schw\u00e4chsten Glieder nicht aus dem Blick verlieren. In diesem Sinne handelt Peter Nachtweh.&#8220;<\/p>\n<p style=\"text-align: justify;\"><strong>Zahn\u00e4rztin Barbara Plaster, Vizepr\u00e4sidentin der Z\u00c4K Berlin<\/strong>, ging bei der Begr\u00fc\u00dfung am Festabend auf die Geschichte von Philipp Pfaff und seine Gemeinsamkeit mit dem diesj\u00e4hrigen Preistr\u00e4ger Nachtweh ein: \u201eDer Preis wurde nach Philipp Pfaff benannt, dem k\u00f6niglich-preu\u00dfischen Hofzahnarzt unter Friedrich II. F\u00fcr Philipp Pfaff galt es im 18. Jahrhundert wie f\u00fcr alle Preistr\u00e4gerinnen und Preistr\u00e4ger, die seit 2001 von uns ausgezeichnet wurden: Sie haben sich in herausragender Weise f\u00fcr unseren Berufsstand eingesetzt. Neben den fachlichen Verdiensten, die sich Pfaff erworben hat, r\u00fcckt heute Abend ein weiterer Aspekt seines Wirkens in den Vordergrund. Pfaff genoss gro\u00dfes Ansehen in der Bev\u00f6lkerung vor allem auch durch sein starkes soziales Engagement und seine kostenlose Behandlung sozial Benachteiligter. Auch in dieser Hinsicht also f\u00fcr die Zahn\u00e4rzteschaft bis heute ein Vorbild. Und damit der genau richtige Namensgeber f\u00fcr unseren heutigen Preistr\u00e4ger, Kollegen Dr. Peter Nachtweh.&#8220;<\/p>\n<p>Quelle: Zahn\u00e4rztekammer Berlin, <a href=\"https:\/\/www.zaek-berlin.de\/presse\/meldungen\/aktuelles\/aktuelles-detail\/article\/philipp-pfaff-preis-2023-der-zahnaerztekammer-berlin.html\" target=\"_blank\" rel=\"noopener\">Pressemitteilung vom 19.10.2023<\/a><\/p>\n<p>&nbsp;<\/p>\n<p>&nbsp;<\/p>\n","protected":false},"excerpt":{"rendered":"<p>Die Zahn\u00e4rztekammer (Z\u00c4K) Berlin hat gestern Abend Dr. Peter Nachtweh im Harnack-Haus der Max-Planck-Gesellschaft mit dem Philipp-Pfaff-Preis ausgezeichnet. Der 79-j\u00e4hrige Berliner Zahnarzt erhielt den Preis f\u00fcr sein jahrzehntelanges herausragendes soziales [&#8230;]<\/p>\n","protected":false},"author":13,"featured_media":0,"comment_status":"closed","ping_status":"closed","sticky":false,"template":"","format":"standard","meta":{"ngg_post_thumbnail":0,"iawp_total_views":1,"footnotes":""},"categories":[264,46],"tags":[],"class_list":["post-43508","post","type-post","status-publish","format-standard","hentry","category-philipp-pfaff-preis","category-zahnaerztekammer-berlin"],"_links":{"self":[{"href":"https:\/\/iuzb.de\/index.php?rest_route=\/wp\/v2\/posts\/43508","targetHints":{"allow":["GET"]}}],"collection":[{"href":"https:\/\/iuzb.de\/index.php?rest_route=\/wp\/v2\/posts"}],"about":[{"href":"https:\/\/iuzb.de\/index.php?rest_route=\/wp\/v2\/types\/post"}],"author":[{"embeddable":true,"href":"https:\/\/iuzb.de\/index.php?rest_route=\/wp\/v2\/users\/13"}],"replies":[{"embeddable":true,"href":"https:\/\/iuzb.de\/index.php?rest_route=%2Fwp%2Fv2%2Fcomments&post=43508"}],"version-history":[{"count":7,"href":"https:\/\/iuzb.de\/index.php?rest_route=\/wp\/v2\/posts\/43508\/revisions"}],"predecessor-version":[{"id":43515,"href":"https:\/\/iuzb.de\/index.php?rest_route=\/wp\/v2\/posts\/43508\/revisions\/43515"}],"wp:attachment":[{"href":"https:\/\/iuzb.de\/index.php?rest_route=%2Fwp%2Fv2%2Fmedia&parent=43508"}],"wp:term":[{"taxonomy":"category","embeddable":true,"href":"https:\/\/iuzb.de\/index.php?rest_route=%2Fwp%2Fv2%2Fcategories&post=43508"},{"taxonomy":"post_tag","embeddable":true,"href":"https:\/\/iuzb.de\/index.php?rest_route=%2Fwp%2Fv2%2Ftags&post=43508"}],"curies":[{"name":"wp","href":"https:\/\/api.w.org\/{rel}","templated":true}]}}