{"id":43505,"date":"2023-11-21T18:40:22","date_gmt":"2023-11-21T17:40:22","guid":{"rendered":"https:\/\/iuzb.de\/?p=43505"},"modified":"2023-11-24T08:22:03","modified_gmt":"2023-11-24T07:22:03","slug":"23-11-2023-10-ordentliche-delegiertenversammlung-der-zahnaerztekammer-berlin","status":"publish","type":"post","link":"https:\/\/iuzb.de\/?p=43505","title":{"rendered":"23.11.2023: Einladung 10. Ordentliche Delegiertenversammlung der Zahn\u00e4rztekammer Berlin"},"content":{"rendered":"<p>10. Ordentliche Delegiertenversammlung<br \/>\nder Zahn\u00e4rztekammer Berlin<\/p>\n<ul>\n<li>Termin: 23. November 2023 | 19:00 Uhr s.t.<\/li>\n<li>Ort: im Zahn\u00e4rztehaus, Georg-Wilhelm-Stra\u00dfe 16, 10711 Berlin<\/li>\n<\/ul>\n<p>Die Sitzung ist nach \u00a7 11 der Satzung f\u00fcr Kammerangeh\u00f6rige \u00f6ffentlich.<br \/>\nKurzfristige \u00c4nderungen sind m\u00f6glich.<\/p>\n<p>Quelle: <a href=\"https:\/\/www.zaek-berlin.de\/presse\/veranstaltungen\/veranstaltungen-detail\/article\/10-ordentliche-delegiertenversammlung-1\" target=\"_blank\" rel=\"noopener\">Zahn\u00e4rztekammer Berlin<\/a><\/p>\n<p><span style=\"color: #ff0000;\">Die Zahn\u00e4rztekammer bittet Sie auch weiterhin von einer Teilnahme an der DV bei Vorhandensein von Erk\u00e4ltungssymptomen abzusehen.<\/span><\/p>\n<p><span style=\"text-decoration: underline;\">Tagesordnung (Stand hier 02.11.2023 \/ Anlagen hier nicht beigef\u00fcgt):<\/span><\/p>\n<table style=\"border-collapse: collapse; width: 100%;\">\n<tbody>\n<tr>\n<td style=\"width: 5.90473%; text-align: left; vertical-align: top;\">1.<\/td>\n<td style=\"width: 75.3333%; text-align: left; vertical-align: top;\">Begr\u00fc\u00dfung, Ehrung Verstorbener<\/td>\n<td style=\"width: 18.7619%; text-align: left; vertical-align: top;\">&nbsp;<\/td>\n<\/tr>\n<tr>\n<td style=\"width: 5.90473%; text-align: left; vertical-align: top;\">2.<\/td>\n<td style=\"width: 75.3333%; text-align: left; vertical-align: top;\">Protokollgenehmigung, Einspr\u00fcche<\/td>\n<td style=\"width: 18.7619%; text-align: left; vertical-align: top;\">&nbsp;<\/td>\n<\/tr>\n<tr>\n<td style=\"width: 5.90473%; text-align: left; vertical-align: top;\">3.<\/td>\n<td style=\"width: 75.3333%; text-align: left; vertical-align: top;\">Nachwahl ehrenamtlichen Richter und ihre Stellvertreter bei den Berufsgerichten<\/td>\n<td style=\"width: 18.7619%; text-align: left; vertical-align: top;\">Tischvorlage<\/td>\n<\/tr>\n<tr>\n<td style=\"width: 5.90473%; text-align: left; vertical-align: top;\">4.<\/td>\n<td style=\"width: 75.3333%; text-align: left; vertical-align: top;\">Nachwahl Mitglieder und stellvertretende Mitglieder Weiterbildungsausschuss KFO<\/td>\n<td style=\"width: 18.7619%; text-align: left; vertical-align: top;\">Anlage a)<\/td>\n<\/tr>\n<tr>\n<td style=\"width: 5.90473%; text-align: left; vertical-align: top;\">5.<\/td>\n<td style=\"width: 75.3333%; text-align: left; vertical-align: top;\">Bericht des Vorstandes<\/td>\n<td style=\"width: 18.7619%; text-align: left; vertical-align: top;\">&nbsp;<\/td>\n<\/tr>\n<tr>\n<td style=\"width: 5.90473%; text-align: left; vertical-align: top;\">6.<\/td>\n<td style=\"width: 75.3333%; text-align: left; vertical-align: top;\">Fragestunde<\/td>\n<td style=\"width: 18.7619%; text-align: left; vertical-align: top;\">&nbsp;<\/td>\n<\/tr>\n<tr>\n<td style=\"width: 5.90473%; text-align: left; vertical-align: top;\">7.<\/td>\n<td style=\"width: 75.3333%; text-align: left; vertical-align: top;\">Gesch\u00e4ftsbericht (b)und Jahresabschluss (c) der Zahn\u00e4rztekammer Berlin f\u00fcr das Jahr 2022\/ Bericht des Haushalts-, Rechnungspr\u00fcfungs-und Zahlstellenpr\u00fcfungsausschusses<\/td>\n<td style=\"width: 18.7619%; text-align: left; vertical-align: top;\">Anlage b), c)<\/td>\n<\/tr>\n<tr>\n<td style=\"width: 5.90473%; text-align: left; vertical-align: top;\">8.<\/td>\n<td style=\"width: 75.3333%; text-align: left; vertical-align: top;\">Feststellung des Jahresabschlusses 2022 und Entlastung des im Jahr 2022 amtierenden Vorstandes(\u00a7 10 Abs. 2 Nrn. 3,4 Hauptsatzung) \/ <strong>Beschluss<\/strong><\/td>\n<td style=\"width: 18.7619%; text-align: left; vertical-align: top;\">&nbsp;<\/td>\n<\/tr>\n<tr>\n<td style=\"width: 5.90473%; text-align: left; vertical-align: top;\">9.<\/td>\n<td style=\"width: 75.3333%; text-align: left; vertical-align: top;\">Antr\u00e4ge:<br \/>\n<strong>a)<\/strong> Antrag des Delegierten Scharf \u2013einkommensabh\u00e4ngige Beitr\u00e4ge\/ Ersatz-DV 14.12. \/ <strong>Beschluss<\/strong><br \/>\n<strong>b)<\/strong> Antrag des Vorstands zu \u00c4nderung der Beitragsordnung \/ <strong>Beschluss<\/strong><br \/>\n<strong>c)<\/strong> Antrag des Vorstands zur \u00c4nderung der Geb\u00fchrenordnung \/ <strong>Beschluss<br \/>\nd) <\/strong>Antrag des Vorstands auf Erlass der allgemeinen Entsch\u00e4digungsregelung \/ <strong>Beschluss<\/strong><\/td>\n<td style=\"width: 18.7619%; text-align: left; vertical-align: top;\">&nbsp;<\/p>\n<p>Anlage d)<br \/>\nAnlage e)<br \/>\nAnlage f)<br \/>\nAnlage g)<\/td>\n<\/tr>\n<tr>\n<td style=\"width: 5.90473%; text-align: left; vertical-align: top;\">10.<\/td>\n<td style=\"width: 75.3333%; text-align: left; vertical-align: top;\">Wirtschaftsplan 2024(h) (\u00a7 10 Abs.2 Nr. 5Hauptsatzung) \/ <strong>Beschluss<\/strong><br \/>\nBericht des Haushalts-, Rechnungspr\u00fcfungs-und Zahlstellenpr\u00fcfungsausschusses<\/td>\n<td style=\"width: 18.7619%; text-align: left; vertical-align: top;\">Anlage h)<\/td>\n<\/tr>\n<tr>\n<td style=\"width: 5.90473%; text-align: left; vertical-align: top;\">11.<\/td>\n<td style=\"width: 75.3333%; text-align: left; vertical-align: top;\">Termine und Verschiedenes<\/td>\n<td style=\"width: 18.7619%; text-align: left; vertical-align: top;\">Anlage i)<\/td>\n<\/tr>\n<\/tbody>\n<\/table>\n<p>.<\/p>\n<p>&nbsp;<\/p>\n","protected":false},"excerpt":{"rendered":"<p>10. Ordentliche Delegiertenversammlung der Zahn\u00e4rztekammer Berlin Termin: 23. November 2023 | 19:00 Uhr s.t. Ort: im Zahn\u00e4rztehaus, Georg-Wilhelm-Stra\u00dfe 16, 10711 Berlin Die Sitzung ist nach \u00a7 11 der Satzung f\u00fcr [&#8230;]<\/p>\n","protected":false},"author":13,"featured_media":33267,"comment_status":"closed","ping_status":"closed","sticky":false,"template":"","format":"standard","meta":{"ngg_post_thumbnail":0,"iawp_total_views":0,"footnotes":""},"categories":[91,46],"tags":[],"class_list":["post-43505","post","type-post","status-publish","format-standard","has-post-thumbnail","hentry","category-delegiertenversammlung","category-zahnaerztekammer-berlin"],"_links":{"self":[{"href":"https:\/\/iuzb.de\/index.php?rest_route=\/wp\/v2\/posts\/43505","targetHints":{"allow":["GET"]}}],"collection":[{"href":"https:\/\/iuzb.de\/index.php?rest_route=\/wp\/v2\/posts"}],"about":[{"href":"https:\/\/iuzb.de\/index.php?rest_route=\/wp\/v2\/types\/post"}],"author":[{"embeddable":true,"href":"https:\/\/iuzb.de\/index.php?rest_route=\/wp\/v2\/users\/13"}],"replies":[{"embeddable":true,"href":"https:\/\/iuzb.de\/index.php?rest_route=%2Fwp%2Fv2%2Fcomments&post=43505"}],"version-history":[{"count":29,"href":"https:\/\/iuzb.de\/index.php?rest_route=\/wp\/v2\/posts\/43505\/revisions"}],"predecessor-version":[{"id":43721,"href":"https:\/\/iuzb.de\/index.php?rest_route=\/wp\/v2\/posts\/43505\/revisions\/43721"}],"wp:featuredmedia":[{"embeddable":true,"href":"https:\/\/iuzb.de\/index.php?rest_route=\/wp\/v2\/media\/33267"}],"wp:attachment":[{"href":"https:\/\/iuzb.de\/index.php?rest_route=%2Fwp%2Fv2%2Fmedia&parent=43505"}],"wp:term":[{"taxonomy":"category","embeddable":true,"href":"https:\/\/iuzb.de\/index.php?rest_route=%2Fwp%2Fv2%2Fcategories&post=43505"},{"taxonomy":"post_tag","embeddable":true,"href":"https:\/\/iuzb.de\/index.php?rest_route=%2Fwp%2Fv2%2Ftags&post=43505"}],"curies":[{"name":"wp","href":"https:\/\/api.w.org\/{rel}","templated":true}]}}