{"id":43501,"date":"2023-10-18T20:43:33","date_gmt":"2023-10-18T18:43:33","guid":{"rendered":"https:\/\/iuzb.de\/?p=43501"},"modified":"2023-10-18T20:45:46","modified_gmt":"2023-10-18T18:45:46","slug":"philipp-pfaff-preis-seit-2001-zeichnet-die-zahnaerztekammer-berlin-persoenlichkeiten-fuer-ihren-herausragenden-einsatz-fuer-den-zahnaerztlichen-berufsstand-aus-geehrt-wird-in-diesem-jahr-dr-peter-n","status":"publish","type":"post","link":"https:\/\/iuzb.de\/?p=43501","title":{"rendered":"Z\u00c4K Berlin &#8211; Philipp-Pfaff-Preis: Seit 2001 zeichnet die Zahn\u00e4rztekammer Berlin Pers\u00f6nlichkeiten f\u00fcr ihren herausragenden Einsatz f\u00fcr den zahn\u00e4rztlichen Berufsstand aus. Geehrt wird in diesem Jahr: Dr. Peter Nachtweh"},"content":{"rendered":"<p>Am Mittwoch, 18. Oktober 2023, um 19:00 Uhr \ufb01ndet die Verleihung des Ehrenpreises der Zahn\u00e4rztekammer Berlin statt.<br \/>\nEr ist seit 2019 benannt nach Philipp Pfaff, dem k\u00f6niglich-preu\u00dfischen Hofzahnarzt, Vordenker in der Zahnmedizin und Begr\u00fcnder der Zahnmedizin in Deutschland.<\/p>\n<p>Termin: 18. Oktober 2023 | Einlass 18:30 Uhr | anschlie\u00dfend Get-together<br \/>\nOrt: Harnack-Haus | Meitner-Saal | Ihnestra\u00dfe 16 &#8211; 20 | 14195 Berlin-Dahlem<br \/>\nAnmeldung: nach Einladung per E-Mail an presse(at)zaek-berlin.de<\/p>\n<p>Quelle: Z\u00c4K Berlin, <a href=\"https:\/\/www.zaek-berlin.de\/presse\/veranstaltungen\/veranstaltungen-detail\/article\/philipp-pfaff-preis-3.html\" target=\"_blank\" rel=\"noopener\">Pressemitteilung vom 18.10.2023<\/a><\/p>\n<p>&nbsp;<\/p>\n<p>&nbsp;<\/p>\n","protected":false},"excerpt":{"rendered":"<p>Am Mittwoch, 18. Oktober 2023, um 19:00 Uhr \ufb01ndet die Verleihung des Ehrenpreises der Zahn\u00e4rztekammer Berlin statt. Er ist seit 2019 benannt nach Philipp Pfaff, dem k\u00f6niglich-preu\u00dfischen Hofzahnarzt, Vordenker in [&#8230;]<\/p>\n","protected":false},"author":13,"featured_media":0,"comment_status":"closed","ping_status":"closed","sticky":false,"template":"","format":"standard","meta":{"ngg_post_thumbnail":0,"iawp_total_views":0,"footnotes":""},"categories":[264,46],"tags":[],"class_list":["post-43501","post","type-post","status-publish","format-standard","hentry","category-philipp-pfaff-preis","category-zahnaerztekammer-berlin"],"_links":{"self":[{"href":"https:\/\/iuzb.de\/index.php?rest_route=\/wp\/v2\/posts\/43501","targetHints":{"allow":["GET"]}}],"collection":[{"href":"https:\/\/iuzb.de\/index.php?rest_route=\/wp\/v2\/posts"}],"about":[{"href":"https:\/\/iuzb.de\/index.php?rest_route=\/wp\/v2\/types\/post"}],"author":[{"embeddable":true,"href":"https:\/\/iuzb.de\/index.php?rest_route=\/wp\/v2\/users\/13"}],"replies":[{"embeddable":true,"href":"https:\/\/iuzb.de\/index.php?rest_route=%2Fwp%2Fv2%2Fcomments&post=43501"}],"version-history":[{"count":3,"href":"https:\/\/iuzb.de\/index.php?rest_route=\/wp\/v2\/posts\/43501\/revisions"}],"predecessor-version":[{"id":43504,"href":"https:\/\/iuzb.de\/index.php?rest_route=\/wp\/v2\/posts\/43501\/revisions\/43504"}],"wp:attachment":[{"href":"https:\/\/iuzb.de\/index.php?rest_route=%2Fwp%2Fv2%2Fmedia&parent=43501"}],"wp:term":[{"taxonomy":"category","embeddable":true,"href":"https:\/\/iuzb.de\/index.php?rest_route=%2Fwp%2Fv2%2Fcategories&post=43501"},{"taxonomy":"post_tag","embeddable":true,"href":"https:\/\/iuzb.de\/index.php?rest_route=%2Fwp%2Fv2%2Ftags&post=43501"}],"curies":[{"name":"wp","href":"https:\/\/api.w.org\/{rel}","templated":true}]}}