{"id":43492,"date":"2023-10-17T16:59:48","date_gmt":"2023-10-17T14:59:48","guid":{"rendered":"https:\/\/iuzb.de\/?p=43492"},"modified":"2023-10-17T17:02:02","modified_gmt":"2023-10-17T15:02:02","slug":"bsg-ist-ein-sogenannter-pool-arzt-im-vertragszahnaerztlichen-notdienst-abhaengig-beschaeftigt-und-sozialversicherungspflichtig","status":"publish","type":"post","link":"https:\/\/iuzb.de\/?p=43492","title":{"rendered":"BSG: Ist ein sogenannter &#8222;Pool-Arzt&#8220; im vertragszahn\u00e4rztlichen Notdienst abh\u00e4ngig besch\u00e4ftigt und sozialversicherungspflichtig?"},"content":{"rendered":"<p style=\"text-align: justify;\"><strong>Unterliegt ein Zahnarzt, der ohne Zulassung zur vertragszahn\u00e4rztlichen Versorgung in dem von einer Kassenzahn\u00e4rztlichen Vereinigung (KZV) organisierten Notdienst t\u00e4tig ist und hierf\u00fcr nach einem festen Stundensatz verg\u00fctet wird, aufgrund abh\u00e4ngiger Besch\u00e4ftigung der Sozialversicherungspflicht?<\/strong><\/p>\n<p style=\"text-align: justify;\"><span style=\"color: #ff0000;\">Hier\u00fcber wird der 12. Senat des Bundessozialgerichts am Dienstag, dem 24. Oktober 2023, um 11:45 Uhr im Elisabeth-Selbert-Saal des Bundessozialgerichts in Kassel m\u00fcndlich verhandeln und voraussichtlich eine Entscheidung verk\u00fcnden.<\/span><\/p>\n<p style=\"text-align: justify;\">Seit dem Verkauf seiner Praxis im Jahr 2017 verf\u00fcgt der klagende Zahnarzt nicht mehr \u00fcber eine Zulassung zur vertragszahn\u00e4rztlichen Versorgung. Ab 20. Januar 2018 bis einschlie\u00dflich 19. April 2019 war er an bestimmten Tagen f\u00fcr die beigeladene KZV Baden-W\u00fcrttemberg als Zahnarzt im Rahmen des Notdienstes \u00fcberwiegend am Wochenende t\u00e4tig. Die T\u00e4tigkeit fand in durch die KZV angemieteten und durch diese mit Ger\u00e4ten, Material und Personal ausgestatteten R\u00e4umlichkeiten eines Notfalldienstzentrums statt. Der Notdienst wurde sowohl durch an der zahn\u00e4rztlichen Versorgung teilnehmende Zahn\u00e4rzte als auch durch nicht hierf\u00fcr zugelassene Zahn\u00e4rzte &#8211; wie den Kl\u00e4ger &#8211; durchgef\u00fchrt. Der Kl\u00e4ger konnte der KZV seine Bereitschaft zur \u00dcbernahme konkreter Schichten erkl\u00e4ren. Hiervon ausgehend teilte sie ihn nach ihrem Ermessen zu konkreten Schichten ein. W\u00e4hrend einer Schicht waren neben dem Kl\u00e4ger ein bis zwei zahnmedizinische Fachangestellte anwesend, die Assistenz- und Dokumentationst\u00e4tigkeiten ausf\u00fchrten. Die Verg\u00fctung des Kl\u00e4gers richtete sich nach der jeweiligen Schicht (zum Beispiel Tag- oder Nachtschicht) und lag pro Stunde zwischen 34 Euro und 50 Euro. Die beklagte Deutsche Rentenversicherung Bund verneinte das Vorliegen von Sozialversicherungspflicht aufgrund einer abh\u00e4ngigen Besch\u00e4ftigung.<\/p>\n<p style=\"text-align: justify;\">Klage und Berufung, gerichtet auf Feststellung der Versicherungspflicht, sind erfolglos geblieben. Das Landessozialgericht hat angenommen, es fehle an einem Besch\u00e4ftigungsverh\u00e4ltnis vor allem deshalb, weil der Kl\u00e4ger durch die KZV mittels eines (mitwirkungsbed\u00fcrftigen) Verwaltungsakts zum vertragszahn\u00e4rztlichen Notdienst herangezogen worden sei und er gem\u00e4\u00df \u00a7 75 Abs 1b Satz 5 SGB V f\u00fcr die Dauer des Notdienstes an der vertragszahn\u00e4rztlichen Versorgung teilgenommen habe. Dieses Rechtsverh\u00e4ltnis sei nahezu vollst\u00e4ndig durch \u00f6ffentlich-rechtliche Normen gepr\u00e4gt. Hiergegen wendet sich der Kl\u00e4ger mit seiner Revision. Dass er nicht vollumf\u00e4nglich an der vertragszahn\u00e4rztlichen Versorgung teilgenommen habe, zeige sich schon darin, dass er \u00fcber keine Abrechnungsbefugnis verf\u00fcgt habe, sondern stundenweise verg\u00fctet worden sei.<\/p>\n<p>Quelle: Bundessozialgericht, P<a href=\"https:\/\/www.bsg.bund.de\/SharedDocs\/Pressemitteilungen\/DE\/2023\/2023_33.html\" target=\"_blank\" rel=\"noopener\">ressemitteilung vom 17.10.2023<\/a><\/p>\n<p>&nbsp;<\/p>\n","protected":false},"excerpt":{"rendered":"<p>Unterliegt ein Zahnarzt, der ohne Zulassung zur vertragszahn\u00e4rztlichen Versorgung in dem von einer Kassenzahn\u00e4rztlichen Vereinigung (KZV) organisierten Notdienst t\u00e4tig ist und hierf\u00fcr nach einem festen Stundensatz verg\u00fctet wird, aufgrund abh\u00e4ngiger [&#8230;]<\/p>\n","protected":false},"author":13,"featured_media":0,"comment_status":"closed","ping_status":"closed","sticky":false,"template":"","format":"standard","meta":{"ngg_post_thumbnail":0,"iawp_total_views":1,"footnotes":""},"categories":[80,68],"tags":[],"class_list":["post-43492","post","type-post","status-publish","format-standard","hentry","category-bsg","category-recht"],"_links":{"self":[{"href":"https:\/\/iuzb.de\/index.php?rest_route=\/wp\/v2\/posts\/43492","targetHints":{"allow":["GET"]}}],"collection":[{"href":"https:\/\/iuzb.de\/index.php?rest_route=\/wp\/v2\/posts"}],"about":[{"href":"https:\/\/iuzb.de\/index.php?rest_route=\/wp\/v2\/types\/post"}],"author":[{"embeddable":true,"href":"https:\/\/iuzb.de\/index.php?rest_route=\/wp\/v2\/users\/13"}],"replies":[{"embeddable":true,"href":"https:\/\/iuzb.de\/index.php?rest_route=%2Fwp%2Fv2%2Fcomments&post=43492"}],"version-history":[{"count":2,"href":"https:\/\/iuzb.de\/index.php?rest_route=\/wp\/v2\/posts\/43492\/revisions"}],"predecessor-version":[{"id":43494,"href":"https:\/\/iuzb.de\/index.php?rest_route=\/wp\/v2\/posts\/43492\/revisions\/43494"}],"wp:attachment":[{"href":"https:\/\/iuzb.de\/index.php?rest_route=%2Fwp%2Fv2%2Fmedia&parent=43492"}],"wp:term":[{"taxonomy":"category","embeddable":true,"href":"https:\/\/iuzb.de\/index.php?rest_route=%2Fwp%2Fv2%2Fcategories&post=43492"},{"taxonomy":"post_tag","embeddable":true,"href":"https:\/\/iuzb.de\/index.php?rest_route=%2Fwp%2Fv2%2Ftags&post=43492"}],"curies":[{"name":"wp","href":"https:\/\/api.w.org\/{rel}","templated":true}]}}