{"id":43470,"date":"2023-10-13T12:25:03","date_gmt":"2023-10-13T10:25:03","guid":{"rendered":"https:\/\/iuzb.de\/?p=43470"},"modified":"2023-10-13T12:26:55","modified_gmt":"2023-10-13T10:26:55","slug":"vmf-zfa-mitglieder-werden-zum-tarifergebnis-befragt","status":"publish","type":"post","link":"https:\/\/iuzb.de\/?p=43470","title":{"rendered":"VmF: ZFA-Mitglieder werden zum Tarifergebnis befragt"},"content":{"rendered":"<p style=\"text-align: justify;\">Bis Anfang November werden die ZFA-Mitglieder des Verbandes medizinischer Fachberufe e.V. (vmf) befragt, ob sie das erzielte Tarifergebnis annehmen oder ablehnen.<\/p>\n<p style=\"text-align: justify;\">Damit geht die Gewerkschaft erstmals in ihrer j\u00fcngeren Geschichte den Weg des Mitgliederentscheids.<\/p>\n<p style=\"text-align: justify;\">Hannelore K\u00f6nig, vmf-Pr\u00e4sidentin und Verhandlungsf\u00fchrerin bei den Tarifverhand-lungen, erkl\u00e4rt dazu:<\/p>\n<blockquote>\n<p style=\"text-align: justify;\">\u201eVor der zweiten Verhandlungsrunde hat uns die Arbeitgeberseite AAZ ein leicht verbessertes Angebot vorgelegt, das wir in den Gespr\u00e4chen am 5. Oktober in Hannover nochmals anpassen konnten. Auf dem Tisch liegt jetzt eine Steigerung des Bruttostundenlohns in der ersten T\u00e4tigkeitsgruppe um 0,87 Euro auf 14,01 Euro. F\u00fcr Vollzeitbesch\u00e4ftigte in der ersten T\u00e4tigkeitsgruppe w\u00e4re damit eine Erh\u00f6hung der monatlichen tariflichen Verg\u00fctung um brutto 147 Euro verbunden. Zudem wurde bei den tariflichen Ausbildungsverg\u00fctungen eine durchschnittliche Erh\u00f6hung um rund f\u00fcnf Prozent vereinbart. Die AAZ hat dieses Ergebnis als oberste Schmerzgrenze bezeichnet. Wir nutzen die Form des Mitgliedervotums, weil die Ta-rifkommission mit diesem Ergebnis nicht zufrieden ist\u201c.<\/p>\n<\/blockquote>\n<p style=\"text-align: justify;\">Sylvia Gabel betont als vmf-Referatsleitung f\u00fcr die Zahnmedizinischen Fachangestellten:<\/p>\n<blockquote>\n<p style=\"text-align: justify;\">\u201eUns ist bewusst, dass es aufgrund der wieder eingef\u00fchrten Budgetierung zu erheblichen R\u00fcckforderungen bei den zahn\u00e4rztlichen Honoraren kommen kann.<\/p>\n<p style=\"text-align: justify;\">Wir hatten eine Erh\u00f6hung des Stundenlohns in der ersten T\u00e4tigkeitsgruppe von 2,50 Euro gefordert, um die gestiegenen Lebenshaltungskosten zu kompensieren und im Fachkr\u00e4ftemangel ein deutliches Zeichen zu setzen. Die ZFA liegen in der ak-tuellen Fachkr\u00e4fteengpassanalyse der Agentur f\u00fcr Arbeit zusammen mit den Pflege-fachkr\u00e4ften auf dem ersten Platz. Wir h\u00e4tten uns daher ein besseres Ergebnis f\u00fcr un-sere Kolleginnen und Kollegen in den zahn\u00e4rztlichen Praxen gew\u00fcnscht, deren quali-fizierte Arbeit im Praxisalltag jedem Arbeitgeber mehr wert sein sollte. Die Entscheidung unserer Mitglieder werden wir als Tarifkommission selbstverst\u00e4ndlich mittragen.\u201c<\/p>\n<\/blockquote>\n<p style=\"text-align: justify;\">Die Erkl\u00e4rungsfrist endet am 14. November um 12.00 Uhr. Wenn keine der beiden Seiten dem Ergebnis bis dahin widersprochen hat, tritt der neue Gehaltstarifvertrag r\u00fcckwirkend zum 1. Oktober in Kraft. Die Erh\u00f6hung der Ausbildungsverg\u00fctungen w\u00fcrde ab Januar gelten. F\u00fcr beide Tarifvertr\u00e4ge wurde die Laufzeit bis Ende 2024 geplant.<\/p>\n<p>Quelle: Verband medizinischer Fachberufe, <a href=\"https:\/\/www.vmf-online.de\/verband\/presse-news\/2023-10-13-tarif-zfa\" target=\"_blank\" rel=\"noopener\">Pressemitteilung vom 13.10.2023<\/a><\/p>\n<p>&nbsp;<\/p>\n<p>&nbsp;<\/p>\n<p>&nbsp;<\/p>\n","protected":false},"excerpt":{"rendered":"<p>Bis Anfang November werden die ZFA-Mitglieder des Verbandes medizinischer Fachberufe e.V. (vmf) befragt, ob sie das erzielte Tarifergebnis annehmen oder ablehnen. Damit geht die Gewerkschaft erstmals in ihrer j\u00fcngeren Geschichte [&#8230;]<\/p>\n","protected":false},"author":13,"featured_media":0,"comment_status":"closed","ping_status":"closed","sticky":false,"template":"","format":"standard","meta":{"ngg_post_thumbnail":0,"iawp_total_views":1,"footnotes":""},"categories":[268,107],"tags":[],"class_list":["post-43470","post","type-post","status-publish","format-standard","hentry","category-vmf","category-zfa"],"_links":{"self":[{"href":"https:\/\/iuzb.de\/index.php?rest_route=\/wp\/v2\/posts\/43470","targetHints":{"allow":["GET"]}}],"collection":[{"href":"https:\/\/iuzb.de\/index.php?rest_route=\/wp\/v2\/posts"}],"about":[{"href":"https:\/\/iuzb.de\/index.php?rest_route=\/wp\/v2\/types\/post"}],"author":[{"embeddable":true,"href":"https:\/\/iuzb.de\/index.php?rest_route=\/wp\/v2\/users\/13"}],"replies":[{"embeddable":true,"href":"https:\/\/iuzb.de\/index.php?rest_route=%2Fwp%2Fv2%2Fcomments&post=43470"}],"version-history":[{"count":3,"href":"https:\/\/iuzb.de\/index.php?rest_route=\/wp\/v2\/posts\/43470\/revisions"}],"predecessor-version":[{"id":43473,"href":"https:\/\/iuzb.de\/index.php?rest_route=\/wp\/v2\/posts\/43470\/revisions\/43473"}],"wp:attachment":[{"href":"https:\/\/iuzb.de\/index.php?rest_route=%2Fwp%2Fv2%2Fmedia&parent=43470"}],"wp:term":[{"taxonomy":"category","embeddable":true,"href":"https:\/\/iuzb.de\/index.php?rest_route=%2Fwp%2Fv2%2Fcategories&post=43470"},{"taxonomy":"post_tag","embeddable":true,"href":"https:\/\/iuzb.de\/index.php?rest_route=%2Fwp%2Fv2%2Ftags&post=43470"}],"curies":[{"name":"wp","href":"https:\/\/api.w.org\/{rel}","templated":true}]}}