{"id":43372,"date":"2023-09-24T10:08:28","date_gmt":"2023-09-24T08:08:28","guid":{"rendered":"https:\/\/iuzb.de\/?p=43372"},"modified":"2023-09-24T10:08:28","modified_gmt":"2023-09-24T08:08:28","slug":"mundgesundheit-ist-sache-des-ganzen-teams-gute-aus-und-weiterbildung-des-praxispersonals-als-eine-wichtige-grundlage","status":"publish","type":"post","link":"https:\/\/iuzb.de\/?p=43372","title":{"rendered":"Mundgesundheit ist Sache des ganzen Teams &#8211; Gute Aus- und Weiterbildung des Praxispersonals als eine wichtige Grundlage"},"content":{"rendered":"<p style=\"text-align: justify;\">Zum Tag der Zahngesundheit am 25. September macht der Verband medizinischer Fachberufe e.V. (vmf) darauf aufmerksam, dass die Mundgesundheit in Deutschland auch davon abh\u00e4ngt, wie gut die Zahnmedizinischen Fachangestellten (ZFA) aus- und fortgebildet sind.<\/p>\n<p style=\"text-align: justify;\">Sylvia Gabel, Referatsleiterin ZFA im vmf, erkl\u00e4rt dazu:<\/p>\n<p style=\"text-align: justify;\">\u201eBei Mundgesundheit denken viele zuerst an Prophylaxe. Sie umfasst Ma\u00dfnahmen zur Vorbeugung von Zahnkrankheiten wie Karies und Parodontitis. Dazu geh\u00f6ren regelm\u00e4\u00dfiges Z\u00e4hneputzen, professionelle Zahnreinigungen in der zahn\u00e4rztlichen Praxis und eine gesunde Ern\u00e4hrung.<\/p>\n<p style=\"text-align: justify;\">Die professionellen Reinigungen sollten von weitergebildeten Zahnmedizinischen Fachangestellten erbracht werden, weil diese Kolleginnen und Kollegen \u00fcber spezielle Kompetenzen verf\u00fcgen, die sie sich zus\u00e4tzlich zu ihrer dreij\u00e4hrigen Ausbildung erworben haben.\u201c<\/p>\n<p style=\"text-align: justify;\">Sylvia Gabel weist zudem darauf hin, dass ebenso die aus- und auf anderen Gebieten fortgebildeten sowie die auszubildenden ZFA \u2013 im Rahmen der Behandlungsassistenz, des Praxis- und des Hygienemanagements \u2013 einen entscheidenden Beitrag dazu leisten, dass das Team der zahn\u00e4rztlichen Praxis gut funktioniert und den Patientinnen und Patienten eine sichere Versorgung bieten kann.<\/p>\n<p style=\"text-align: justify;\">\u201eIn diesem Jahr haben wir beim Tag der Zahngesundheit besonders die vulnerablen Patientengruppen im Blick. Die zahnmedizinische Betreuung von Kindern, \u00e4lteren Menschen, Schwangeren, Menschen mit chronischen Krankheiten oder mit Handicap bedarf besonderer Empathie und Zuwendung. Diese Menschen haben h\u00e4ufig ein erh\u00f6htes Risiko f\u00fcr Zahnerkrankungen. Sie ben\u00f6tigen spezielle Ma\u00dfnahmen der Prophylaxe und regelm\u00e4\u00dfige zahn\u00e4rztliche Betreuung durch das ganze Team. Nur so k\u00f6nnen wir die Mundgesundheit aufrechterhalten und Wechselwirkungen mit anderen Erkrankungen reduzieren. Daf\u00fcr ist es wichtig, dass alle im Team die M\u00f6glichkeit und Zeit haben, sich auch auf diesem Gebiet weiterzubilden.\u201c<\/p>\n<p style=\"text-align: justify;\">Laut Statistik der Bundesagentur f\u00fcr Arbeit wurden im Jahr 2022 in Deutschland insgesamt<\/p>\n<ul>\n<li style=\"text-align: justify;\"><strong>215.162<\/strong> Zahnmedizinische Fachangestellte sozialversicherungspflichtig besch\u00e4ftigt (Stand: 30. Juni 2022).<\/li>\n<\/ul>\n<p style=\"text-align: justify;\">F\u00fcnf Jahre zuvor &#8211; am 30. Juni 2017- waren es 202.768.<\/p>\n<p>Quelle: Verband medizinischer Fachberufe, Pressemitteilung vom 22.09.2023<\/p>\n<p>&nbsp;<\/p>\n<p>&nbsp;<\/p>\n","protected":false},"excerpt":{"rendered":"<p>Zum Tag der Zahngesundheit am 25. September macht der Verband medizinischer Fachberufe e.V. (vmf) darauf aufmerksam, dass die Mundgesundheit in Deutschland auch davon abh\u00e4ngt, wie gut die Zahnmedizinischen Fachangestellten (ZFA) [&#8230;]<\/p>\n","protected":false},"author":13,"featured_media":0,"comment_status":"closed","ping_status":"closed","sticky":false,"template":"","format":"standard","meta":{"ngg_post_thumbnail":0,"iawp_total_views":1,"footnotes":""},"categories":[268],"tags":[],"class_list":["post-43372","post","type-post","status-publish","format-standard","hentry","category-vmf"],"_links":{"self":[{"href":"https:\/\/iuzb.de\/index.php?rest_route=\/wp\/v2\/posts\/43372","targetHints":{"allow":["GET"]}}],"collection":[{"href":"https:\/\/iuzb.de\/index.php?rest_route=\/wp\/v2\/posts"}],"about":[{"href":"https:\/\/iuzb.de\/index.php?rest_route=\/wp\/v2\/types\/post"}],"author":[{"embeddable":true,"href":"https:\/\/iuzb.de\/index.php?rest_route=\/wp\/v2\/users\/13"}],"replies":[{"embeddable":true,"href":"https:\/\/iuzb.de\/index.php?rest_route=%2Fwp%2Fv2%2Fcomments&post=43372"}],"version-history":[{"count":1,"href":"https:\/\/iuzb.de\/index.php?rest_route=\/wp\/v2\/posts\/43372\/revisions"}],"predecessor-version":[{"id":43373,"href":"https:\/\/iuzb.de\/index.php?rest_route=\/wp\/v2\/posts\/43372\/revisions\/43373"}],"wp:attachment":[{"href":"https:\/\/iuzb.de\/index.php?rest_route=%2Fwp%2Fv2%2Fmedia&parent=43372"}],"wp:term":[{"taxonomy":"category","embeddable":true,"href":"https:\/\/iuzb.de\/index.php?rest_route=%2Fwp%2Fv2%2Fcategories&post=43372"},{"taxonomy":"post_tag","embeddable":true,"href":"https:\/\/iuzb.de\/index.php?rest_route=%2Fwp%2Fv2%2Ftags&post=43372"}],"curies":[{"name":"wp","href":"https:\/\/api.w.org\/{rel}","templated":true}]}}