{"id":43364,"date":"2023-09-21T14:15:07","date_gmt":"2023-09-21T12:15:07","guid":{"rendered":"https:\/\/iuzb.de\/?p=43364"},"modified":"2023-09-21T14:22:40","modified_gmt":"2023-09-21T12:22:40","slug":"22-09-2023-grosser-kinder-aktionstag-von-zahnaerztekammer-berlin-und-charite-zahnklinik","status":"publish","type":"post","link":"https:\/\/iuzb.de\/?p=43364","title":{"rendered":"22.09.2023: Gro\u00dfer Kinder-Aktionstag von Zahn\u00e4rztekammer Berlin und Charit\u00e9-Zahnklinik"},"content":{"rendered":"<p style=\"text-align: justify;\"><strong>Tag der Zahngesundheit am 22.09.2023: \u201eGesund beginnt im Mund \u2013 f\u00fcr alle!&#8220; <\/strong><br \/>\n<span style=\"font-size: 12pt;\"><strong>Gro\u00dfer Kinder-Aktionstag von Zahn\u00e4rztekammer Berlin und Charit\u00e9-Zahnklinik<\/strong><\/span><\/p>\n<p style=\"text-align: justify;\">Berlin, 21.09.2023 \u2013 Rund 220 Berliner Grundschulkinder nehmen mit ihren Lehrerinnen und Lehrern am gro\u00dfen Aktionstag am 22. September 2023 zum Tag der Zahngesundheit in der Zahnklinik der Charit\u00e9 in Berlin-Wilmersdorf teil. Die Veranstaltung, die von der Zahn\u00e4rztekammer (Z\u00c4K) Berlin gemeinsam mit der Charit\u00e9 \u2013 Universit\u00e4tsmedizin Berlin, der Landesarbeitsgemeinschaft Berlin zur Verh\u00fctung von Zahnerkrankungen e. V. (LAG Berlin) und den Zahn\u00e4rztlichen Diensten der Bezirks\u00e4mter sowie vielen weiteren Akteuren organisiert wird, war schnell ausgebucht. Verschiedene Mitmach-Aktionen und das \u201eKino Mundgesundheit&#8220; kl\u00e4ren die Kinder spielerisch \u00fcber die richtige Mundhygiene und zahngesunde Ern\u00e4hrung auf. In der \u201eSch\u00fcler-Universit\u00e4t&#8220; erfahren die Sch\u00fclerinnen und Sch\u00fcler in altersgerechten kurzen Vortr\u00e4gen Wissenswertes rund um das Thema gesunde Z\u00e4hne.<\/p>\n<p style=\"text-align: justify;\">Er\u00f6ffnet wird das Berliner Programm des seit 1991 j\u00e4hrlich stattfindenden bundesweiten Aktionstages um 9 Uhr im gro\u00dfen H\u00f6rsaal von <strong>Dr. Ina Czyborra<\/strong>, Senatorin f\u00fcr Wissenschaft, Gesundheit und Pflege, <strong>Prof. Dr. Sebastian Paris<\/strong>, Wissenschaftlicher Leiter des Charit\u00e9Centrums f\u00fcr Zahn-, Mund- und Kieferheilkunde, und <strong>Dr. Karsten Heegewaldt<\/strong>, Pr\u00e4sident der Z\u00c4K Berlin.<\/p>\n<p style=\"text-align: justify;\"><strong>Dr. Ina Czyborra, Senatorin f\u00fcr Wissenschaft, Gesundheit und Pflege:<\/strong><\/p>\n<blockquote>\n<p style=\"text-align: justify;\">\u201eWer auch im Alter noch gesunde Z\u00e4hne haben m\u00f6chte, muss sich bereits als Kind um Zahngesundheit k\u00fcmmern. Dies geht nat\u00fcrlich vor allem durch sorgf\u00e4ltiges Z\u00e4hneputzen und regelm\u00e4\u00dfige Zahnarztbesuche. Eine gute Mundhygiene wirkt sich zudem positiv auf die gesamte Gesundheit des Menschen aus. Der Tag der Zahngesundheit soll aber deutlich machen, dass gesunde Z\u00e4hne im Kindesalter nicht nur die Aufgabe der Eltern sind, sondern auch im Interesse der Gesamtgesellschaft liegen. Daf\u00fcr arbeiten das Land, die Bezirke, die Zahn\u00e4rztekammer, die Charit\u00e9, die Landesarbeitsgemeinschaft Berlin zur Verh\u00fctung von Zahnerkrankungen und die Zahntechnikerinnung seit Jahren sehr gut und vertrauensvoll zusammen. Ich freue mich als Berliner Gesundheitssenatorin sehr, dass der Aktionstag zum Tag der Zahngesundheit nach den pandemiebedingten Ausf\u00e4llen in den letzten Jahren nun wieder stattfinden kann und sich insbesondere Kinder, aber auch Lehrerinnen und Lehrer vor Ort \u00fcber das Thema Zahngesundheit informieren k\u00f6nnen.&#8220;<\/p>\n<\/blockquote>\n<p style=\"text-align: justify;\"><strong>Prof. Dr. Sebastian Paris, Wissenschaftlicher Leiter des Charit\u00e9Centrums f\u00fcr Zahn-, Mund- und Kieferheilkunde, Leiter der Abteilung f\u00fcr Zahnerhaltungskunde und Pr\u00e4ventivzahnmedizin:<\/strong><\/p>\n<blockquote>\n<p style=\"text-align: justify;\">\u201eZahnkaries ist noch immer die h\u00e4ufigste nicht\u00fcbertragbare Krankheit weltweit. Der Tag der Zahngesundheit erinnert daran, dass wir dieser Erkrankung mit gezielter Pr\u00e4vention den Schrecken nehmen k\u00f6nnen. Durch die Bem\u00fchungen der letzten Jahre leiden schon heute viel weniger Kinder an Karies und deren Folgen. Und dennoch erreichen wir bei Weitem nicht alle Bed\u00fcrftigen, gerade in sozial benachteiligten Milieus. Zudem wird gerade bei \u00e4lteren Patienten die Wurzelkaries ein zunehmendes Problem. Daher gibt es noch viel zu tun!&#8220;<\/p>\n<\/blockquote>\n<p style=\"text-align: justify;\"><strong>Dr. Karsten Heegewaldt, Pr\u00e4sident der Z\u00c4K Berlin:<\/strong><\/p>\n<blockquote>\n<p style=\"text-align: justify;\">\u201eDer Tag der Zahngesundheit ist seit \u00fcber 30 Jahren ein wichtiger und fester Termin, um die \u00d6ffentlichkeit auf das Thema Mundgesundheit aufmerksam zu machen und sich kontinuierlich f\u00fcr deren Verbesserung einzusetzen. Mit unserer Veranstaltung motivieren wir Kinder spielerisch, bereits fr\u00fch selbstst\u00e4ndig auf ihre Mundhygiene zu achten. Das originelle Programm macht Kindern einfach Spa\u00df und schafft damit beste Voraussetzungen, dass Kinder das Erlernte auch sp\u00e4ter noch regelm\u00e4\u00dfig anwenden, nachhaltig in ihren Alltag integrieren und ihr Wissen im besten Fall auch an ihre Familie oder an Freunde weitergeben.&#8220;<\/p>\n<\/blockquote>\n<p style=\"text-align: justify;\"><strong>Zahn\u00e4rztin Barbara Plaster, Vizepr\u00e4sidentin, und Dr. Silke Riemer, Mitglied des Vorstandes und Leiterin des Referats Pr\u00e4vention und Gesellschaftliches Engagement der Z\u00c4K Berlin:<\/strong><\/p>\n<blockquote>\n<p style=\"text-align: justify;\">\u201eWie putze ich meine Z\u00e4hne richtig? Wie h\u00e4ngen Ern\u00e4hrung und Mundgesundheit zusammen? Der Aufkl\u00e4rungsbedarf in dieser Altersgruppe ist leider immer noch gro\u00df. Zahn\u00e4rztliche Prophylaxe-Ma\u00dfnahmen haben wesentlich zu einem Kariesr\u00fcckgang bei Kindern und Jugendlichen in den letzten Jahrzehnten beigetragen. Doch trotz aller Erfolge leiden noch immer zu viele Kinder \u2013 oft aus sozial benachteiligten Bev\u00f6lkerungsschichten \u2013 an Karies. Dieser j\u00e4hrliche Aktionstag ist ein wichtiger Anlass und Baustein, um die Mundgesundheitskompetenz dieser Zielgruppe zu st\u00e4rken und die breite \u00d6ffentlichkeit f\u00fcr das Thema gemeinsam mit allen wichtigen Akteuren in Berlin zu sensibilisieren.&#8220;<\/p>\n<\/blockquote>\n<p style=\"text-align: justify;\"><strong>Hintergrund \u2013 Tag der Zahngesundheit:<\/strong><br \/>\nSeit 1991 kl\u00e4rt der Tag der Zahngesundheit am 25. September die \u00d6ffentlichkeit mit bundesweiten Veranstaltungen \u00fcber Themen der Mundgesundheit auf und tr\u00e4gt dazu bei, Zahn-, Mund- und Kiefererkrankungen zu vermeiden. Pandemiebedingt konnte leider der allj\u00e4hrlich gro\u00dfe Aktionstag der Z\u00c4K Berlin mit vielen Infost\u00e4nden und einer Kinder-Uni an der Charit\u00e9-Zahnklinik 2020, 2021 und 2022 nicht in Pr\u00e4senz stattfinden. Stattdessen beteiligten sich die Grundsch\u00fclerinnen und Grundsch\u00fcler an einem Kreativwettbewerb zum Thema Mundgesundheit.<\/p>\n<p style=\"text-align: justify;\"><strong>Die Zahn\u00e4rztekammer Berlin<\/strong><br \/>\nist die Vertretung aller rund 6.070 Zahn\u00e4rztinnen und Zahn\u00e4rzte im Land Berlin in berufsrechtlichen und berufsethischen Anliegen sowie allen Fragen der Berufsaus\u00fcbung. Sie sorgt f\u00fcr die Fortbildung der Zahn\u00e4rztinnen und Zahn\u00e4rzte sowie f\u00fcr die Ausbildung des Fachpersonals und sichert damit eine hochwertige zahnmedizinische Versorgung ihrer Patientinnen und Patienten. Die Zahn\u00e4rztekammer Berlin setzt sich aktiv f\u00fcr die Mundgesundheit der Bev\u00f6lkerung ein und ist Ansprechpartnerin sowohl f\u00fcr die zahn\u00e4rztliche Kollegenschaft als auch f\u00fcr die Belange der Patientinnen und Patienten. Die Zahn\u00e4rztekammer Berlin ist eine K\u00f6rperschaft des \u00f6ffentlichen Rechts. www.zaek-berlin.de<\/p>\n<p>Quelle: Zahn\u00e4rztekammer Berlin, <a href=\"https:\/\/www.zaek-berlin.de\/presse\/meldungen\/aktuelles\/aktuelles-detail\/article\/grosser-kinder-aktionstag-der-zahnaerztekammer-berlin-und-charite-zahnklinik-1.html\" target=\"_blank\" rel=\"noopener\">Pressemitteilung vom 21.09.2023<\/a><\/p>\n<p>&nbsp;<\/p>\n<p>&nbsp;<\/p>\n","protected":false},"excerpt":{"rendered":"<p>Tag der Zahngesundheit am 22.09.2023: \u201eGesund beginnt im Mund \u2013 f\u00fcr alle!&#8220; Gro\u00dfer Kinder-Aktionstag von Zahn\u00e4rztekammer Berlin und Charit\u00e9-Zahnklinik Berlin, 21.09.2023 \u2013 Rund 220 Berliner Grundschulkinder nehmen mit ihren Lehrerinnen [&#8230;]<\/p>\n","protected":false},"author":13,"featured_media":0,"comment_status":"closed","ping_status":"closed","sticky":false,"template":"","format":"standard","meta":{"ngg_post_thumbnail":0,"iawp_total_views":0,"footnotes":""},"categories":[281,46],"tags":[],"class_list":["post-43364","post","type-post","status-publish","format-standard","hentry","category-charite","category-zahnaerztekammer-berlin"],"_links":{"self":[{"href":"https:\/\/iuzb.de\/index.php?rest_route=\/wp\/v2\/posts\/43364","targetHints":{"allow":["GET"]}}],"collection":[{"href":"https:\/\/iuzb.de\/index.php?rest_route=\/wp\/v2\/posts"}],"about":[{"href":"https:\/\/iuzb.de\/index.php?rest_route=\/wp\/v2\/types\/post"}],"author":[{"embeddable":true,"href":"https:\/\/iuzb.de\/index.php?rest_route=\/wp\/v2\/users\/13"}],"replies":[{"embeddable":true,"href":"https:\/\/iuzb.de\/index.php?rest_route=%2Fwp%2Fv2%2Fcomments&post=43364"}],"version-history":[{"count":7,"href":"https:\/\/iuzb.de\/index.php?rest_route=\/wp\/v2\/posts\/43364\/revisions"}],"predecessor-version":[{"id":43371,"href":"https:\/\/iuzb.de\/index.php?rest_route=\/wp\/v2\/posts\/43364\/revisions\/43371"}],"wp:attachment":[{"href":"https:\/\/iuzb.de\/index.php?rest_route=%2Fwp%2Fv2%2Fmedia&parent=43364"}],"wp:term":[{"taxonomy":"category","embeddable":true,"href":"https:\/\/iuzb.de\/index.php?rest_route=%2Fwp%2Fv2%2Fcategories&post=43364"},{"taxonomy":"post_tag","embeddable":true,"href":"https:\/\/iuzb.de\/index.php?rest_route=%2Fwp%2Fv2%2Ftags&post=43364"}],"curies":[{"name":"wp","href":"https:\/\/api.w.org\/{rel}","templated":true}]}}