{"id":43316,"date":"2023-09-13T12:43:19","date_gmt":"2023-09-13T10:43:19","guid":{"rendered":"https:\/\/iuzb.de\/?p=43316"},"modified":"2023-09-13T12:45:43","modified_gmt":"2023-09-13T10:45:43","slug":"pressebericht-fotos-und-aufzeichnung-vom-protesttag-am-brandenburger-tor-jetzt-online","status":"publish","type":"post","link":"https:\/\/iuzb.de\/?p=43316","title":{"rendered":"Aktion \u201eRote Karte\u201c: Pressebericht, Fotos und Aufzeichnung vom Protesttag am Brandenburger Tor jetzt online"},"content":{"rendered":"<p>Sehr geehrte Redaktionen,<\/p>\n<p>wir m\u00f6chten Sie darauf hinweisen, dass Sie auf unserer Website einen Pressebericht \u00fcber unsere Protestaktion am vergangenen Freitag finden. Sie k\u00f6nnen diesen gern nutzen, aber auch selbst die Aufzeichnung ansehen. Fotografische Eindr\u00fccke stehen in unserer Galerie zur Verf\u00fcgung. Die Originalfotos dazu k\u00f6nnen Sie f\u00fcr Ihre Berichterstattung ebenfalls verwenden. Daf\u00fcr bitten wir um eine Nachfrage.<\/p>\n<p>Hier der Link: <a href=\"https:\/\/www.vmf-online.de\/verband\/presse-news\/2023-09-11-protestaktion\" target=\"_blank\" rel=\"noopener\">https:\/\/www.vmf-online.de\/verband\/presse-news\/2023-09-11-protestaktion<\/a><\/p>\n<p>Quelle: Verband medizinischer Fachberufe e.V., Pressemitteilung vom 13.09.2023<\/p>\n<p>&nbsp;<\/p>\n<p>&nbsp;<\/p>\n","protected":false},"excerpt":{"rendered":"<p>Sehr geehrte Redaktionen, wir m\u00f6chten Sie darauf hinweisen, dass Sie auf unserer Website einen Pressebericht \u00fcber unsere Protestaktion am vergangenen Freitag finden. Sie k\u00f6nnen diesen gern nutzen, aber auch selbst [&#8230;]<\/p>\n","protected":false},"author":13,"featured_media":0,"comment_status":"closed","ping_status":"closed","sticky":false,"template":"","format":"standard","meta":{"ngg_post_thumbnail":0,"iawp_total_views":0,"footnotes":""},"categories":[268,371,107],"tags":[],"class_list":["post-43316","post","type-post","status-publish","format-standard","hentry","category-vmf","category-betriebswirtschaft","category-zfa"],"_links":{"self":[{"href":"https:\/\/iuzb.de\/index.php?rest_route=\/wp\/v2\/posts\/43316","targetHints":{"allow":["GET"]}}],"collection":[{"href":"https:\/\/iuzb.de\/index.php?rest_route=\/wp\/v2\/posts"}],"about":[{"href":"https:\/\/iuzb.de\/index.php?rest_route=\/wp\/v2\/types\/post"}],"author":[{"embeddable":true,"href":"https:\/\/iuzb.de\/index.php?rest_route=\/wp\/v2\/users\/13"}],"replies":[{"embeddable":true,"href":"https:\/\/iuzb.de\/index.php?rest_route=%2Fwp%2Fv2%2Fcomments&post=43316"}],"version-history":[{"count":3,"href":"https:\/\/iuzb.de\/index.php?rest_route=\/wp\/v2\/posts\/43316\/revisions"}],"predecessor-version":[{"id":43319,"href":"https:\/\/iuzb.de\/index.php?rest_route=\/wp\/v2\/posts\/43316\/revisions\/43319"}],"wp:attachment":[{"href":"https:\/\/iuzb.de\/index.php?rest_route=%2Fwp%2Fv2%2Fmedia&parent=43316"}],"wp:term":[{"taxonomy":"category","embeddable":true,"href":"https:\/\/iuzb.de\/index.php?rest_route=%2Fwp%2Fv2%2Fcategories&post=43316"},{"taxonomy":"post_tag","embeddable":true,"href":"https:\/\/iuzb.de\/index.php?rest_route=%2Fwp%2Fv2%2Ftags&post=43316"}],"curies":[{"name":"wp","href":"https:\/\/api.w.org\/{rel}","templated":true}]}}