{"id":43293,"date":"2023-09-10T13:53:10","date_gmt":"2023-09-10T11:53:10","guid":{"rendered":"https:\/\/iuzb.de\/?p=43293"},"modified":"2023-09-10T13:54:35","modified_gmt":"2023-09-10T11:54:35","slug":"berlin-ausbildungsplatzumlage-entzweit-politik-und-wirtschaft","status":"publish","type":"post","link":"https:\/\/iuzb.de\/?p=43293","title":{"rendered":"Berlin: Ausbildungsplatzumlage entzweit Politik und Wirtschaft"},"content":{"rendered":"<p>Berliner Morgenpost, 10.09.2023:<\/p>\n<ul>\n<li><a href=\"https:\/\/www.morgenpost.de\/berlin\/article239400179\/Ausbildungsplatzumlage-entzweit-Politik-und-Wirtschaft.html\" target=\"_blank\" rel=\"noopener\">Ausbildungsplatzumlage entzweit Politik und Wirtschaft<\/a><\/li>\n<\/ul>\n<p>&nbsp;<\/p>\n<blockquote>\n<p style=\"text-align: justify;\"><strong>&#8230;In Bremen hat die dortige Kammer l\u00e4ngst juristische Schritte gegen die beschlossene Ausbildungsplatzumlage eingeleitet.<\/strong> Mit einem Antrag auf ein Normenkontrollverfahren ist man im Juli vor den Bremer Staatsgerichtshof gezogen. <strong>Unterst\u00fctzt wurde die Kammer dabei von einem breiten B\u00fcndnis:<\/strong> Auch Handwerks-, Apotheker-, Rechtsanwalts- <span style=\"color: #ff0000;\"><strong>und<\/strong> <strong>Zahn\u00e4rztekammer<\/strong><\/span> h\u00e4tten sich diesem rechtlichen Schritt angeschlossen, so IHK-Gesch\u00e4ftsf\u00fchrer Michael Zeimet. Vor allem \u201eschwerwiegende verfassungsrechtliche Bedenken\u201c, f\u00fchren die Kl\u00e4ger an. Damit einher schwingt die Hoffnung, dass der Gerichtshof die politisch gewollte Abgabe doch noch kippt. Die IHK rechnet damit, dass im n\u00e4chsten Jahr dazu eine Entscheidung f\u00e4llt&#8230;.<\/p>\n<\/blockquote>\n<p>&nbsp;<\/p>\n","protected":false},"excerpt":{"rendered":"<p>Berliner Morgenpost, 10.09.2023: Ausbildungsplatzumlage entzweit Politik und Wirtschaft &nbsp; &#8230;In Bremen hat die dortige Kammer l\u00e4ngst juristische Schritte gegen die beschlossene Ausbildungsplatzumlage eingeleitet. Mit einem Antrag auf ein Normenkontrollverfahren ist [&#8230;]<\/p>\n","protected":false},"author":13,"featured_media":0,"comment_status":"closed","ping_status":"closed","sticky":false,"template":"","format":"standard","meta":{"ngg_post_thumbnail":0,"iawp_total_views":2,"footnotes":""},"categories":[107],"tags":[],"class_list":["post-43293","post","type-post","status-publish","format-standard","hentry","category-zfa"],"_links":{"self":[{"href":"https:\/\/iuzb.de\/index.php?rest_route=\/wp\/v2\/posts\/43293","targetHints":{"allow":["GET"]}}],"collection":[{"href":"https:\/\/iuzb.de\/index.php?rest_route=\/wp\/v2\/posts"}],"about":[{"href":"https:\/\/iuzb.de\/index.php?rest_route=\/wp\/v2\/types\/post"}],"author":[{"embeddable":true,"href":"https:\/\/iuzb.de\/index.php?rest_route=\/wp\/v2\/users\/13"}],"replies":[{"embeddable":true,"href":"https:\/\/iuzb.de\/index.php?rest_route=%2Fwp%2Fv2%2Fcomments&post=43293"}],"version-history":[{"count":3,"href":"https:\/\/iuzb.de\/index.php?rest_route=\/wp\/v2\/posts\/43293\/revisions"}],"predecessor-version":[{"id":43296,"href":"https:\/\/iuzb.de\/index.php?rest_route=\/wp\/v2\/posts\/43293\/revisions\/43296"}],"wp:attachment":[{"href":"https:\/\/iuzb.de\/index.php?rest_route=%2Fwp%2Fv2%2Fmedia&parent=43293"}],"wp:term":[{"taxonomy":"category","embeddable":true,"href":"https:\/\/iuzb.de\/index.php?rest_route=%2Fwp%2Fv2%2Fcategories&post=43293"},{"taxonomy":"post_tag","embeddable":true,"href":"https:\/\/iuzb.de\/index.php?rest_route=%2Fwp%2Fv2%2Ftags&post=43293"}],"curies":[{"name":"wp","href":"https:\/\/api.w.org\/{rel}","templated":true}]}}