{"id":43235,"date":"2023-09-04T14:49:49","date_gmt":"2023-09-04T12:49:49","guid":{"rendered":"https:\/\/iuzb.de\/?p=43235"},"modified":"2025-11-23T10:15:11","modified_gmt":"2025-11-23T09:15:11","slug":"sparpolitik-der-bundesregierung-gefaehrdet-die-zahnaerztliche-versorgung","status":"publish","type":"post","link":"https:\/\/iuzb.de\/?p=43235","title":{"rendered":"KZV und Z\u00c4K Berlin: Sparpolitik der Bundesregierung gef\u00e4hrdet die zahn\u00e4rztliche Versorgung"},"content":{"rendered":"<p style=\"text-align: justify;\">Die Zahn\u00e4rztekammer (Z\u00c4K) Berlin und die Kassenzahn\u00e4rztliche Vereinigung (KZV) Berlin unterst\u00fctzen die Demonstration des Verbands medizinischer Fachberufe e. V. (VmF) am <strong>8. September 2023<\/strong> in Berlin. <strong>Ab 13 Uhr<\/strong> protestieren (Zahn-)\u00c4rztinnen und -\u00c4rzte gemeinsam mit Zahnmedizinischen und Medizinischen Fachangestellten <strong>vor dem Brandenburger Tor<\/strong>, um die Politik auf die dramatischen Missst\u00e4nde im ambulanten Gesundheitswesen aufmerksam zu machen.<\/p>\n<p style=\"text-align: justify;\">\u201eMit den neuen Spargesetzen der Bundesregierung und der darin festgeschriebenen Budgetierung zahnmedizinischer Leistungen wird unser Gesundheitssystem zu Lasten der Patientenversorgung kaputtgespart&#8220;, erl\u00e4utert <strong>Dr. Karsten Heegewaldt, Pr\u00e4sident der Z\u00c4K Berlin<\/strong>. \u201eDie Lage ist sehr ernst. Wenn die Budgetierung und die damit nicht vollumf\u00e4ngliche Verg\u00fctung erbrachter zahnmedizinischer Leistungen nicht schnell gestoppt wird, droht ein Praxissterben und Patientinnen und Patienten m\u00fcssen mit langen Wartezeiten rechnen.&#8220;<\/p>\n<p style=\"text-align: justify;\">\u201eWas muss noch passieren, damit die Politik begreift, dass es so nicht weitergeht? Die derzeitigen Rahmenbedingungen f\u00fcr Praxen sind existenzgef\u00e4hrdend und betreffen nicht nur die Patientinnen und Patienten und die Zahn\u00e4rzteschaft&#8220;, erg\u00e4nzt <strong>Zahn\u00e4rztin Barbara Plaster, Vizepr\u00e4sidentin der Z\u00c4K Berlin<\/strong>. \u201eAlle Zahnmedizinischen Fachangestellten (ZFA) sind leider genauso involviert. Schon jetzt sind viele Praxen durch Inflation, hohe Energiekosten, nicht mehr kostendeckenden Kassenverg\u00fctungen sowie Fachkr\u00e4ftemangel am Ende ihrer Leistungsf\u00e4higkeit. Die neu hinzugekommenen Spargesetze machen eine Verbesserung der Arbeitsbedingungen und des Lohnniveaus von ZFA nun endg\u00fcltig unm\u00f6glich und lassen viele Fachkr\u00e4fte in andere Berufe abwandern.&#8220;<\/p>\n<p style=\"text-align: justify;\"><strong>Dr. Jana Lo Scalzo, stellvertretende Vorsitzende des Vorstandes der KZV Berlin<\/strong>: \u201eMit ihrer kurzsichtigen Kostend\u00e4mpfungspolitik hat die Bundesregierung nicht nur die Mittel f\u00fcr zahn\u00e4rztliche Leistungen seit 2023 durch eine strikte Budgetierung begrenzt und damit die erforderlichen Finanzmittel f\u00fcr die dringend notwendige und erst im Juli 2021 in den GKV-Leistungskatalog aufgenommene pr\u00e4ventionsorientierte Parodontitistherapie entzogen. Zugleich wird den Praxen durch die aktuellen Einsparungen jegliche Planungssicherheit genommen, was letztlich zu einer direkten Gef\u00e4hrdung f\u00fcr die fl\u00e4chendeckende zahn\u00e4rztliche Patientenversorgung vor allem in l\u00e4ndlichen und strukturschwachen Regionen in Deutschland f\u00fchrt. Wir k\u00f6nnen nicht tatenlos zusehen, wie die Versorgung unserer Patientinnen und Patienten fahrl\u00e4ssig aufs Spiel gesetzt wird. Nur wenn wir gemeinsam mit unseren Praxisteams gegen diese verantwortungslose Gesundheitspolitik \u201aZ\u00e4hne zeigen&#8216;, haben wir eine Chance, dass die Budgetierung wieder zur\u00fcckgenommen wird \u2013 mit dem Ergebnis, eine auf das Patientenwohl fokussierte Versorgung langfristig zu erhalten und die Arbeit unserer Praxisteams angemessen verg\u00fcten zu k\u00f6nnen.&#8220;<\/p>\n<p>Quelle: KZV Berlin und Z\u00c4K Berlin, <a href=\"https:\/\/www.zaek-berlin.de\/presse\/meldungen\/aktuelles\/aktuelles-detail\/article\/sparpolitik-der-bundesregierung-gefaehrdet-die-zahnaerztliche-versorgung-1.html\" target=\"_blank\" rel=\"noopener\">Pressemitteilung vom 31.08.2023<\/a><\/p>\n<p>&nbsp;<\/p>\n<p><a href=\"https:\/\/www.zaek-berlin.de\/presse\/meldungen\/aktuelles\/aktuelles-detail\/article\/gegen-das-kaputtsparen-der-praxen-durch-die-politik.html\" target=\"_blank\" rel=\"noopener\">28.08.2023:<\/a><\/p>\n<p style=\"text-align: justify;\"><strong>Gegen das Kaputtsparen der Praxen durch die Politik<\/strong><br \/>\n<strong>Gemeinsamer Protest \u2013 seien Sie am 8. September dabei!<\/strong><\/p>\n<p style=\"text-align: justify;\">Die Zahn\u00e4rztekammer (Z\u00c4K) Berlin und die Kassenzahn\u00e4rztliche Vereinigung (KZV) Berlin rufen die Berliner Zahn\u00e4rztinnen und Zahn\u00e4rzte mit ihren Teams gemeinsam zum Protest auf: <span style=\"color: #ff0000;\">Kommen Sie am Freitag, 8. September 2023 um 13 Uhr zum Brandenburger Tor und zeigen Sie der Gesundheitspolitik die Rote Karte!<\/span><\/p>\n<p style=\"text-align: justify;\">Auf Initiative des Verbands medizinischer Fachberufe e.V. (VmF) protestieren die Zahnmedizinischen Fachangestellten (ZFA) Seite an Seite mit uns Zahn\u00e4rztinnen und Zahn\u00e4rzten, denn <strong>nur wenn es den Praxisinhaberinnen bzw. Praxisinhabern gut geht, dann kann es auch den ZFA gut gehen.<\/strong><\/p>\n<p style=\"text-align: justify;\">Dr. Karsten Heegewaldt und Z\u00c4 Barbara Plaster, Pr\u00e4sident und Vizepr\u00e4sidentin der Zahn\u00e4rztekammer Berlin, sowie weitere Mitglieder der Vorst\u00e4nde von Z\u00c4K und KZV Berlin sind vor Ort und werden auf die Belange der Berliner Kolleginnen und Kollegen eingehen: <strong>Wir protestieren gegen Budgetierung, gegen Einsparungen in Zeiten von Inflation und setzen uns f\u00fcr die GOZ-Punktwert-Erh\u00f6hung sowie f\u00fcr die St\u00e4rkung der ambulanten Zahnmedizin ein!<\/strong><\/p>\n<p style=\"text-align: justify;\">Im Herbst soll das Gesetz zur finanziellen Stabilisierung der gesetzlichen Krankenversicherung (<strong>GKV-FinStG<\/strong>) in einer <strong>erweiterten Fassung auf den Weg<\/strong> gebracht werden. Hierbei wird mit weiteren, noch gr\u00f6\u00dferen finanziellen Einbu\u00dfen f\u00fcr uns Zahn\u00e4rztinnen und Zahn\u00e4rzte gerechnet; diejenigen Leistungen, die bislang noch nicht budgetiert werden, sollen hierbei ber\u00fccksichtigt werden. <strong>Dies gilt es zu verhindern!<\/strong><\/p>\n<p style=\"text-align: justify;\"><span style=\"color: #ff0000;\">Wir bitten Sie daher, den Protesttag am 8.9.2023 von 13.00 bis 15.00 Uhr in Ihrer Terminplanung zu ber\u00fccksichtigen, sich die Zeit zu nehmen und zum Brandenburger Tor zu kommen. <\/span>Es werden auch zahlreiche Zahn\u00e4rztinnen und Zahn\u00e4rzte mit ihren Teams aus anderen Bundesl\u00e4ndern erwartet. F\u00fcr eine bessere Planung der Sicherheit bitten die Beh\u00f6rden vor Ort um Anmeldung.<\/p>\n","protected":false},"excerpt":{"rendered":"<p>Die Zahn\u00e4rztekammer (Z\u00c4K) Berlin und die Kassenzahn\u00e4rztliche Vereinigung (KZV) Berlin unterst\u00fctzen die Demonstration des Verbands medizinischer Fachberufe e. V. (VmF) am 8. September 2023 in Berlin. Ab 13 Uhr protestieren [&#8230;]<\/p>\n","protected":false},"author":13,"featured_media":0,"comment_status":"closed","ping_status":"closed","sticky":false,"template":"","format":"standard","meta":{"ngg_post_thumbnail":0,"iawp_total_views":1,"footnotes":""},"categories":[418,45,268,371,46,107],"tags":[],"class_list":["post-43235","post","type-post","status-publish","format-standard","hentry","category-zaehne-zeigen","category-kzv-berlin","category-vmf","category-betriebswirtschaft","category-zahnaerztekammer-berlin","category-zfa"],"_links":{"self":[{"href":"https:\/\/iuzb.de\/index.php?rest_route=\/wp\/v2\/posts\/43235","targetHints":{"allow":["GET"]}}],"collection":[{"href":"https:\/\/iuzb.de\/index.php?rest_route=\/wp\/v2\/posts"}],"about":[{"href":"https:\/\/iuzb.de\/index.php?rest_route=\/wp\/v2\/types\/post"}],"author":[{"embeddable":true,"href":"https:\/\/iuzb.de\/index.php?rest_route=\/wp\/v2\/users\/13"}],"replies":[{"embeddable":true,"href":"https:\/\/iuzb.de\/index.php?rest_route=%2Fwp%2Fv2%2Fcomments&post=43235"}],"version-history":[{"count":7,"href":"https:\/\/iuzb.de\/index.php?rest_route=\/wp\/v2\/posts\/43235\/revisions"}],"predecessor-version":[{"id":43237,"href":"https:\/\/iuzb.de\/index.php?rest_route=\/wp\/v2\/posts\/43235\/revisions\/43237"}],"wp:attachment":[{"href":"https:\/\/iuzb.de\/index.php?rest_route=%2Fwp%2Fv2%2Fmedia&parent=43235"}],"wp:term":[{"taxonomy":"category","embeddable":true,"href":"https:\/\/iuzb.de\/index.php?rest_route=%2Fwp%2Fv2%2Fcategories&post=43235"},{"taxonomy":"post_tag","embeddable":true,"href":"https:\/\/iuzb.de\/index.php?rest_route=%2Fwp%2Fv2%2Ftags&post=43235"}],"curies":[{"name":"wp","href":"https:\/\/api.w.org\/{rel}","templated":true}]}}