{"id":43168,"date":"2023-08-23T12:38:21","date_gmt":"2023-08-23T10:38:21","guid":{"rendered":"https:\/\/iuzb.de\/?p=43168"},"modified":"2023-09-09T10:29:15","modified_gmt":"2023-09-09T08:29:15","slug":"kzv-und-zaek-berlin-rufen-die-berliner-zahnaerzte-mit-ihren-teams-am-08-09-2023-zum-protest-auf","status":"publish","type":"post","link":"https:\/\/iuzb.de\/?p=43168","title":{"rendered":"Aktion Rote Karte: Auch KZV und Z\u00c4K Berlin rufen die Berliner Zahn\u00e4rzte mit ihren Teams am 08.09.2023 zum Protest vor dem Brandenburger Tor auf &#8211; JETZT RESOLUTION UNTERSCHREIBEN UND AN DIE Z\u00c4K BERLIN SCHICKEN"},"content":{"rendered":"<p><a href=\"https:\/\/www.vmf-online.de\/mfa\/mfa-aktionen\/rote-karte\" target=\"_blank\" rel=\"noopener\"><img loading=\"lazy\" decoding=\"async\" class=\"alignright size-full\" src=\"https:\/\/www.vmf-online.de\/static\/generated\/8546-rote-karte-vorderseite-b.png\" width=\"199\" height=\"276\"><\/a><\/p>\n<p><strong>KZV Berlin<\/strong>, 22.08.2023: <a href=\"https:\/\/news.kzv-berlin.de\/\" target=\"_blank\" rel=\"noopener\">&#8222;Protestaktion am 08.09.2023&#8220;<\/a><\/p>\n<p>&nbsp;<\/p>\n<p><strong>Z\u00c4K Berlin<\/strong>, 02.08.2023:<br \/>\n<a href=\"https:\/\/archive.newsletter2go.com\/?n2g=yea53k93-52muddeu-981\" target=\"_blank\" rel=\"noopener\">Gegen das Kaputtsparen der Praxen durch die Politik<\/a><br \/>\n<a href=\"https:\/\/www.zaek-berlin.de\/presse\/meldungen\/aktuelles\/aktuelles-detail\/article\/gegen-das-kaputtsparen-der-praxen-durch-die-politik.html\" target=\"_blank\" rel=\"noopener\">Gemeinsamer Protest \u2013 seien Sie am 8. September dabei!<\/a><\/p>\n<p><span style=\"font-size: 12pt; background-color: #ff0000;\"><strong>Jetzt Resolution unterschreiben und Druck erh\u00f6hen<\/strong><\/span><\/p>\n<p>Au\u00dferdem weisen wir Sie gerne nochmals auf diese Resolution mit Forderungen an die Politik hin: Das Ende der Leistungsf\u00e4higkeit der Berliner Zahn\u00e4rzteschaft ist erreicht! Die Delegiertenversammlung der Zahn\u00e4rztekammer Berlin hatte die Resolution beschlossen, die Sie <a href=\"https:\/\/newslettertogo.com\/yea53k93-52muddeu-kwuuf5nr-14oo\" target=\"_blank\" rel=\"noopener\">hier<\/a> im Wortlaut nachlesen k\u00f6nnen. Wir bitten Sie, die Unterschriftenliste in Ihrer Zahnarztpraxis auszulegen und sie ausgef\u00fcllt an uns zur\u00fcckzusenden: Zahn\u00e4rztekammer Berlin&#8230;..<a href=\"https:\/\/archive.newsletter2go.com\/?n2g=yea53k93-52muddeu-981\" target=\"_blank\" rel=\"noopener\">LINK<\/a><\/p>\n<p>&nbsp;<\/p>\n<p><strong>VMF<\/strong>: Rote Karte f\u00fcr die Gesundheitspolitik:<br \/>\n<a href=\"https:\/\/www.vmf-online.de\/mfa\/mfa-aktionen\/rote-karte\" target=\"_blank\" rel=\"noopener\">Protestaktion von MFA, ZFA und Zahntechnik am 08.09.2023 in Berlin<\/a><\/p>\n<p>&nbsp;<\/p>\n<p>&nbsp;<\/p>\n<p>&nbsp;<\/p>\n","protected":false},"excerpt":{"rendered":"<p>KZV Berlin, 22.08.2023: &#8222;Protestaktion am 08.09.2023&#8220; &nbsp; Z\u00c4K Berlin, 02.08.2023: Gegen das Kaputtsparen der Praxen durch die Politik Gemeinsamer Protest \u2013 seien Sie am 8. September dabei! Jetzt Resolution unterschreiben [&#8230;]<\/p>\n","protected":false},"author":13,"featured_media":43201,"comment_status":"closed","ping_status":"closed","sticky":false,"template":"","format":"standard","meta":{"ngg_post_thumbnail":0,"iawp_total_views":4,"footnotes":""},"categories":[268],"tags":[],"class_list":["post-43168","post","type-post","status-publish","format-standard","has-post-thumbnail","hentry","category-vmf"],"_links":{"self":[{"href":"https:\/\/iuzb.de\/index.php?rest_route=\/wp\/v2\/posts\/43168","targetHints":{"allow":["GET"]}}],"collection":[{"href":"https:\/\/iuzb.de\/index.php?rest_route=\/wp\/v2\/posts"}],"about":[{"href":"https:\/\/iuzb.de\/index.php?rest_route=\/wp\/v2\/types\/post"}],"author":[{"embeddable":true,"href":"https:\/\/iuzb.de\/index.php?rest_route=\/wp\/v2\/users\/13"}],"replies":[{"embeddable":true,"href":"https:\/\/iuzb.de\/index.php?rest_route=%2Fwp%2Fv2%2Fcomments&post=43168"}],"version-history":[{"count":14,"href":"https:\/\/iuzb.de\/index.php?rest_route=\/wp\/v2\/posts\/43168\/revisions"}],"predecessor-version":[{"id":43196,"href":"https:\/\/iuzb.de\/index.php?rest_route=\/wp\/v2\/posts\/43168\/revisions\/43196"}],"wp:featuredmedia":[{"embeddable":true,"href":"https:\/\/iuzb.de\/index.php?rest_route=\/wp\/v2\/media\/43201"}],"wp:attachment":[{"href":"https:\/\/iuzb.de\/index.php?rest_route=%2Fwp%2Fv2%2Fmedia&parent=43168"}],"wp:term":[{"taxonomy":"category","embeddable":true,"href":"https:\/\/iuzb.de\/index.php?rest_route=%2Fwp%2Fv2%2Fcategories&post=43168"},{"taxonomy":"post_tag","embeddable":true,"href":"https:\/\/iuzb.de\/index.php?rest_route=%2Fwp%2Fv2%2Ftags&post=43168"}],"curies":[{"name":"wp","href":"https:\/\/api.w.org\/{rel}","templated":true}]}}