{"id":43066,"date":"2023-08-06T13:18:16","date_gmt":"2023-08-06T11:18:16","guid":{"rendered":"https:\/\/iuzb.de\/?p=43066"},"modified":"2023-08-06T13:23:21","modified_gmt":"2023-08-06T11:23:21","slug":"facebook-fanpage-sachsens-datenschutzbeauftragte-gegen-staatskanzlei","status":"publish","type":"post","link":"https:\/\/iuzb.de\/?p=43066","title":{"rendered":"Face\u00adbook-Fan\u00adpage: Sachsens Datenschutzbeauftragte gegen Staatskanzlei"},"content":{"rendered":"<p>LTO, 04.08.2023:<\/p>\n<ul>\n<li><a href=\"https:\/\/www.lto.de\/recht\/nachrichten\/n\/sachsen-datenschutz-datenschutzbeauftragte-facebook-seite-klage-fanpage-regierung-landesregierung-staatskanzlei-verstoss\/\" target=\"_blank\" rel=\"noopener\">Wegen Verst\u00f6\u00dfen gegen Datenschutzrecht<\/a><br \/>\nS\u00e4ch\u00adsi\u00adsche Regie\u00adrung bangt um Face\u00adbook-Fan\u00adpage<\/li>\n<\/ul>\n<p>&nbsp;<\/p>\n<p>Weiterf\u00fchrend:<\/p>\n<p>S\u00e4chsische Datenschutz- und Transparenzbeauftragte:<\/p>\n<ul>\n<li><a href=\"https:\/\/www.datenschutz.sachsen.de\/staatskanzlei-muss-facebook-fanpage-abschalten-6249.html\" target=\"_blank\" rel=\"noopener\">Staatskanzlei muss Facebook-Fanpage abschalten<\/a><\/li>\n<\/ul>\n<p>&nbsp;<\/p>\n","protected":false},"excerpt":{"rendered":"<p>LTO, 04.08.2023: Wegen Verst\u00f6\u00dfen gegen Datenschutzrecht S\u00e4ch\u00adsi\u00adsche Regie\u00adrung bangt um Face\u00adbook-Fan\u00adpage &nbsp; Weiterf\u00fchrend: S\u00e4chsische Datenschutz- und Transparenzbeauftragte: Staatskanzlei muss Facebook-Fanpage abschalten &nbsp;<\/p>\n","protected":false},"author":13,"featured_media":0,"comment_status":"closed","ping_status":"closed","sticky":false,"template":"","format":"standard","meta":{"ngg_post_thumbnail":0,"iawp_total_views":1,"footnotes":""},"categories":[108],"tags":[],"class_list":["post-43066","post","type-post","status-publish","format-standard","hentry","category-datenschutz-und-informationsfreiheit"],"_links":{"self":[{"href":"https:\/\/iuzb.de\/index.php?rest_route=\/wp\/v2\/posts\/43066","targetHints":{"allow":["GET"]}}],"collection":[{"href":"https:\/\/iuzb.de\/index.php?rest_route=\/wp\/v2\/posts"}],"about":[{"href":"https:\/\/iuzb.de\/index.php?rest_route=\/wp\/v2\/types\/post"}],"author":[{"embeddable":true,"href":"https:\/\/iuzb.de\/index.php?rest_route=\/wp\/v2\/users\/13"}],"replies":[{"embeddable":true,"href":"https:\/\/iuzb.de\/index.php?rest_route=%2Fwp%2Fv2%2Fcomments&post=43066"}],"version-history":[{"count":4,"href":"https:\/\/iuzb.de\/index.php?rest_route=\/wp\/v2\/posts\/43066\/revisions"}],"predecessor-version":[{"id":43070,"href":"https:\/\/iuzb.de\/index.php?rest_route=\/wp\/v2\/posts\/43066\/revisions\/43070"}],"wp:attachment":[{"href":"https:\/\/iuzb.de\/index.php?rest_route=%2Fwp%2Fv2%2Fmedia&parent=43066"}],"wp:term":[{"taxonomy":"category","embeddable":true,"href":"https:\/\/iuzb.de\/index.php?rest_route=%2Fwp%2Fv2%2Fcategories&post=43066"},{"taxonomy":"post_tag","embeddable":true,"href":"https:\/\/iuzb.de\/index.php?rest_route=%2Fwp%2Fv2%2Ftags&post=43066"}],"curies":[{"name":"wp","href":"https:\/\/api.w.org\/{rel}","templated":true}]}}