{"id":43037,"date":"2023-07-27T13:22:17","date_gmt":"2023-07-27T11:22:17","guid":{"rendered":"https:\/\/iuzb.de\/?p=43037"},"modified":"2023-07-27T13:24:02","modified_gmt":"2023-07-27T11:24:02","slug":"aufruf-zum-protest-am-8-september-in-berlin","status":"publish","type":"post","link":"https:\/\/iuzb.de\/?p=43037","title":{"rendered":"Aufruf zum Protest am 8. September in Berlin"},"content":{"rendered":"<p style=\"text-align: justify;\"><a href=\"https:\/\/www.fvdz.de\/politik\/protest\" target=\"_blank\" rel=\"noopener\">Der Freie Verband Deutscher Zahn\u00e4rzte (FVDZ) zeigt Bundesgesundheitsminister Karl Lauterbach die Rote Karte \u2013 und ruft die Praxisteams auf, am 8. September an der Protestaktion des Verbandes medizinischer Fachberufe (vmf) in Berlin teilzunehmen<\/a>. \u201eDie zahnmedizinische Versorgung in Deutschland ist nur im Team zu leisten. Doch die Arbeit muss sich f\u00fcr Zahnmedizinische Fachangestellte (ZFA) auch lohnen. Unter den aktuellen Bedingungen reicht unser Gehalt nicht zum Leben. Das m\u00fcssen wir der Politik in Berlin deutlich machen\u201c, sagt Sylvia Gabel, ZFA-Referatsleiterin beim vmf.<\/p>\n<p style=\"text-align: justify;\">Seit 2022 gehen Vertreter aller medizinischen Fachbereiche auf die Stra\u00dfe, um gegen den Sparkurs in der ambulanten Versorgung zu protestieren. Schlie\u00dflich stehen alle Praxen vor denselben Herausforderungen: Fachkr\u00e4ftemangel, steigende Kosten und B\u00fcrokratie, unfaire Konkurrenz durch Medizinische Versorgungszentren in der Hand Rendite fokussierter Kapitalgesellschaften. FVDZ-Bundesvorsitzender Harald Schrader sagt: \u201eDiesem Druck werden viele Niedergelassene nicht standhalten, wenn die Politik nicht gegensteuert.\u201c<\/p>\n<p style=\"text-align: justify;\">Mit dem GKV-Finanzstabilisierungsgesetz (GKV-FinStG) werden zahn\u00e4rztliche Leistungen wieder budgetiert. \u201eDie Lage der chronisch unterfinanzierten ambulanten Versorgung verschlechtert sich weiter\u201c, sagt Zahnarzt Schrader. Das GKV-FinStG sei ein Schlag ins Gesicht der Zahn\u00e4rzteschaft, die mit den ZFA durch Pr\u00e4vention die Mundgesundheit nachhaltig verbessert und die anteiligen Kassenausgaben um ein Drittel gesenkt h\u00e4tten. Den Patientinnen und Patienten w\u00fcrden h\u00f6here Krankenkassenbeitr\u00e4ge zugemutet und zahnmedizinische Leistungen vorenthalten, den Praxisinhabern die M\u00f6glichkeit genommen, ihre Besch\u00e4ftigten angemessen zu bezahlen. Schraders Bilanz zur Regierungshalbzeit f\u00e4llt d\u00fcster aus: \u201eDie Koalitionsvereinbarung zur St\u00e4rkung der Gesundheitsberufe und zur Fachkr\u00e4ftesicherung ist ein Lippenbekenntnis; keinerlei Anerkennung, gedeckelte Budgets, eingeschr\u00e4nkte Arzt- und Therapiewahl \u2013 das ist die Realit\u00e4t.\u201c<\/p>\n<p>Weitere Informationen zur Aktion: <a href=\"https:\/\/www.vmf-online.de\/zfa\/zfa-aktionen\/rote-karte\" target=\"_blank\" rel=\"noopener\">https:\/\/www.vmf-online.de\/zfa\/zfa-aktionen\/rote-karte<\/a><\/p>\n<p>Quelle: Verband medizinischer Fachberufe e.V., Pressemitteilung vom 27.07.2023<\/p>\n<p>&nbsp;<\/p>\n<p>&nbsp;<\/p>\n","protected":false},"excerpt":{"rendered":"<p>Der Freie Verband Deutscher Zahn\u00e4rzte (FVDZ) zeigt Bundesgesundheitsminister Karl Lauterbach die Rote Karte \u2013 und ruft die Praxisteams auf, am 8. September an der Protestaktion des Verbandes medizinischer Fachberufe (vmf) [&#8230;]<\/p>\n","protected":false},"author":13,"featured_media":0,"comment_status":"closed","ping_status":"closed","sticky":false,"template":"","format":"standard","meta":{"ngg_post_thumbnail":0,"iawp_total_views":1,"footnotes":""},"categories":[140,107],"tags":[],"class_list":["post-43037","post","type-post","status-publish","format-standard","hentry","category-fvdz","category-zfa"],"_links":{"self":[{"href":"https:\/\/iuzb.de\/index.php?rest_route=\/wp\/v2\/posts\/43037","targetHints":{"allow":["GET"]}}],"collection":[{"href":"https:\/\/iuzb.de\/index.php?rest_route=\/wp\/v2\/posts"}],"about":[{"href":"https:\/\/iuzb.de\/index.php?rest_route=\/wp\/v2\/types\/post"}],"author":[{"embeddable":true,"href":"https:\/\/iuzb.de\/index.php?rest_route=\/wp\/v2\/users\/13"}],"replies":[{"embeddable":true,"href":"https:\/\/iuzb.de\/index.php?rest_route=%2Fwp%2Fv2%2Fcomments&post=43037"}],"version-history":[{"count":3,"href":"https:\/\/iuzb.de\/index.php?rest_route=\/wp\/v2\/posts\/43037\/revisions"}],"predecessor-version":[{"id":43040,"href":"https:\/\/iuzb.de\/index.php?rest_route=\/wp\/v2\/posts\/43037\/revisions\/43040"}],"wp:attachment":[{"href":"https:\/\/iuzb.de\/index.php?rest_route=%2Fwp%2Fv2%2Fmedia&parent=43037"}],"wp:term":[{"taxonomy":"category","embeddable":true,"href":"https:\/\/iuzb.de\/index.php?rest_route=%2Fwp%2Fv2%2Fcategories&post=43037"},{"taxonomy":"post_tag","embeddable":true,"href":"https:\/\/iuzb.de\/index.php?rest_route=%2Fwp%2Fv2%2Ftags&post=43037"}],"curies":[{"name":"wp","href":"https:\/\/api.w.org\/{rel}","templated":true}]}}