{"id":42972,"date":"2023-07-18T10:26:50","date_gmt":"2023-07-18T08:26:50","guid":{"rendered":"https:\/\/iuzb.de\/?p=42972"},"modified":"2023-07-18T10:29:14","modified_gmt":"2023-07-18T08:29:14","slug":"rote-karte-fuer-die-gesundheitspolitik-naechste-vmf-protestaktion-am-8-september-2023-in-berlin","status":"publish","type":"post","link":"https:\/\/iuzb.de\/?p=42972","title":{"rendered":"Rote Karte f\u00fcr die Gesundheitspolitik: N\u00e4chste vmf-Protestaktion am 8. September 2023 in Berlin"},"content":{"rendered":"<p style=\"text-align: justify;\">Der Verband medizinischer Fachberufe e.V. (vmf) zeigt der Gesundheitspolitik der Bundesregierung die Rote Karte und ruft die Teams der niedergelassenen Arzt- und Zahnarztpraxen und alle Zahntechniker*innen zu einer weiteren zentralen Protestaktion in Berlin auf.<\/p>\n<p style=\"text-align: justify;\">\u201eAm 8. September 2023 werden wir unsere Forderungen erneut auf dem Platz vor dem Brandenburger Tor \u00f6ffentlich adressieren und den Politiker*innen wie Patient*innen die dramatische Situation im ambulanten Gesundheitswesen deutlich machen\u201c, erkl\u00e4rt dazu vmf-Pr\u00e4sidentin Hannelore K\u00f6nig. Vertreter*innen der \u00c4rzte- und Zahn\u00e4rzteschaft sowie der Zahntechnik haben bereits ihre Unterst\u00fctzung erkl\u00e4rt.<\/p>\n<p style=\"text-align: justify;\"><span style=\"text-decoration: underline;\">Der vmf stellt fest: <\/span><\/p>\n<p style=\"text-align: justify;\">Nach der H\u00e4lfte der Legislaturperiode sind die Versprechen aus der Koalitionsvereinbarung zur St\u00e4rkung der Gesundheitsberufe und zur Fachkr\u00e4ftesicherung in weite Ferne ger\u00fcckt. Stattdessen wurden Spargesetze auf den Weg gebracht, die die ambulante Gesundheitsversorgung stark gef\u00e4hrden und eine Verbesserung der Arbeitsbedingungen unm\u00f6glich machen: \u201eNoch immer arbeiten Medizinische und Zahnmedizinische Fachangestellte zum gro\u00dfen Teil im Niedriglohnbereich oder knapp dar\u00fcber\u201c, erinnert die vmf-Pr\u00e4sidentin. \u201eEiner aktuellen Analyse* zufolge, lagen 38,1 Prozent der sozialversicherungspflichtig Vollzeitbesch\u00e4ftigten in Arzt- und Zahnarztpraxen mit ihrem Bruttomonatsverdienst im unteren Entgeltbereich bis 2.344 Euro. Zum Vergleich: Im gesamten Gesundheits- und Sozialwesen sind 17 Prozent davon betroffen, in Krankenh\u00e4usern 4,9 und in der \u00f6ffentlichen Verwaltung 2,3 Prozent. Auch im Zahntechnikerhandwerk spitzt sich der Fachkr\u00e4ftemangel weiter zu. Die enge Bindung an die Grundlohnsumme gef\u00e4hrdet insbesondere in l\u00e4ndlichen und strukturschwachen Regionen die Versorgung mit Zahnersatz. Ebenso setzen die geplanten Versorgungs- und Digitalisierungsgesetze keine Zeichen f\u00fcr eine St\u00e4rkung der ambulanten Versorgung. Durch den geplanten Aufbau von Gesundheitskiosken werden nur neue Schnittstellen geschaffen, deren Koordination weitere Ressourcen bindet. Die daf\u00fcr vorgesehenen finanziellen Mittel sollten in die St\u00e4rkung der beste-henden Strukturen und der dort Besch\u00e4ftigten investiert werden.\u201c<\/p>\n<p style=\"text-align: justify;\">Der Verband medizinischer Fachberufe e.V. fordert daher eine gesicherte Finanzierung der fl\u00e4chendeckenden ambulanten \u00e4rztlichen und zahn\u00e4rztlichen Regelversorgung sowie der Versorgung mit Zahnersatz, damit deren Arbeitgeber ihren Besch\u00e4ftigten h\u00f6here Geh\u00e4lter zahlen k\u00f6nnen. Notwendig daf\u00fcr sind ein Ende der Budgetie-rung sowie zeitgem\u00e4\u00dfe gesetzliche und private Geb\u00fchrenordnungen f\u00fcr alle Fachrichtungen. In den Honorarverhandlungen der \u00e4rztlichen und zahn\u00e4rztlichen Leistungen m\u00fcssen die Tarifversteigerungen der MFA und ZFA zeitnah und vollumf\u00e4nglich gegenfinanziert werden. Nur auf dieser Grundlage ist es m\u00f6glich, den extremen Fachkr\u00e4fteengpass so zu entspannen, dass der ambulante Bereich seinen Beitrag dazu leisten kann, das gesamte Gesundheitswesen effektiver zu gestalten.<\/p>\n<p style=\"text-align: justify;\">Die offizielle Kundgebung zur Protestaktion findet am<\/p>\n<ul>\n<li style=\"text-align: justify;\"><strong>Freitag, dem 8. September 2023, ab 13 Uhr auf dem Pariser Platz am Brandenburger Tor in Berlin statt.<\/strong><\/li>\n<\/ul>\n<p style=\"text-align: justify;\">Ab 12 Uhr sind Gespr\u00e4che mit Politiker*innen, Interessierten und B\u00fcrger*innen geplant<\/p>\n<p>Quelle: Verband medizinischer Fachberufe, <a href=\"https:\/\/www.vmf-online.de\/verband\/presse-news\/2023-07-18-protest\" target=\"_blank\" rel=\"noopener\">Pressemitteilung vom 18.07.2023<\/a><\/p>\n<p>&nbsp;<\/p>\n<p>*Quelle: <a href=\"https:\/\/iuzb.de\/?p=42977\" target=\"_blank\" rel=\"noopener\">Drucksache 20\/6787<\/a> (S. 40): Laut Antwort der Bundesregierung auf die Kleine Anfrage zur Attraktivit\u00e4t der Gesundheits- und Sozialberufe<\/p>\n<p>&nbsp;<\/p>\n","protected":false},"excerpt":{"rendered":"<p>Der Verband medizinischer Fachberufe e.V. (vmf) zeigt der Gesundheitspolitik der Bundesregierung die Rote Karte und ruft die Teams der niedergelassenen Arzt- und Zahnarztpraxen und alle Zahntechniker*innen zu einer weiteren zentralen [&#8230;]<\/p>\n","protected":false},"author":13,"featured_media":0,"comment_status":"closed","ping_status":"closed","sticky":false,"template":"","format":"standard","meta":{"ngg_post_thumbnail":0,"iawp_total_views":1,"footnotes":""},"categories":[268,107],"tags":[],"class_list":["post-42972","post","type-post","status-publish","format-standard","hentry","category-vmf","category-zfa"],"_links":{"self":[{"href":"https:\/\/iuzb.de\/index.php?rest_route=\/wp\/v2\/posts\/42972","targetHints":{"allow":["GET"]}}],"collection":[{"href":"https:\/\/iuzb.de\/index.php?rest_route=\/wp\/v2\/posts"}],"about":[{"href":"https:\/\/iuzb.de\/index.php?rest_route=\/wp\/v2\/types\/post"}],"author":[{"embeddable":true,"href":"https:\/\/iuzb.de\/index.php?rest_route=\/wp\/v2\/users\/13"}],"replies":[{"embeddable":true,"href":"https:\/\/iuzb.de\/index.php?rest_route=%2Fwp%2Fv2%2Fcomments&post=42972"}],"version-history":[{"count":6,"href":"https:\/\/iuzb.de\/index.php?rest_route=\/wp\/v2\/posts\/42972\/revisions"}],"predecessor-version":[{"id":42982,"href":"https:\/\/iuzb.de\/index.php?rest_route=\/wp\/v2\/posts\/42972\/revisions\/42982"}],"wp:attachment":[{"href":"https:\/\/iuzb.de\/index.php?rest_route=%2Fwp%2Fv2%2Fmedia&parent=42972"}],"wp:term":[{"taxonomy":"category","embeddable":true,"href":"https:\/\/iuzb.de\/index.php?rest_route=%2Fwp%2Fv2%2Fcategories&post=42972"},{"taxonomy":"post_tag","embeddable":true,"href":"https:\/\/iuzb.de\/index.php?rest_route=%2Fwp%2Fv2%2Ftags&post=42972"}],"curies":[{"name":"wp","href":"https:\/\/api.w.org\/{rel}","templated":true}]}}