{"id":42905,"date":"2023-07-07T14:50:03","date_gmt":"2023-07-07T12:50:03","guid":{"rendered":"https:\/\/iuzb.de\/?p=42905"},"modified":"2023-07-07T14:50:34","modified_gmt":"2023-07-07T12:50:34","slug":"wegner-empfaengt-berliner-teilnehmerinnen-und-teilnehmer-der-special-olympics-world-games-2023-im-roten-rathaus","status":"publish","type":"post","link":"https:\/\/iuzb.de\/?p=42905","title":{"rendered":"Wegner empf\u00e4ngt Berliner Teilnehmerinnen und Teilnehmer der Special Olympics World Games 2023 im Roten Rathaus"},"content":{"rendered":"<p style=\"text-align: justify;\">Der Regierende B\u00fcrgermeister von Berlin, Kai Wegner, hat die 35 Berliner Teilnehmerinnen und Teilnehmer der Special Olympics World Games 2023 ins Rote Rathaus eingeladen und ihre erfolgreiche Teilnahme gew\u00fcrdigt. Zudem haben sich die Sportlerinnen und Sportler in das G\u00e4stebuch von Berlin eingetragen.<\/p>\n<p style=\"text-align: justify;\">Wegner: \u201eDie Special Olympics World Games waren ein einzigartiges Ereignis f\u00fcr Berlin. Wir haben mitgefiebert, mitgelitten und gemeinsam die Erfolge gefeiert. Die Berliner Sportlerinnen und Sportler der Special Olympics World Games sind Vorbilder f\u00fcr uns alle. Ihr unerm\u00fcdlicher Einsatz und ihre Leidenschaft zeigen uns, was mit Flei\u00df und Willenskraft erreicht werden kann. Berlin ist stolz auf euch!\u201d<\/p>\n<p style=\"text-align: justify;\">Wegner weiter: \u201eIch bin \u00fcberzeugt, dass die Spiele zahlreiche Menschen &#8211; ob mit oder ohne Beeintr\u00e4chtigung &#8211; f\u00fcr den Sport begeistert haben. Wir tragen die Verantwortung, dabei optimale Bedingungen f\u00fcr alle zu schaffen. Daher setzt sich der Senat daf\u00fcr ein, in den Bezirken mehr inklusive Sporthallen und Sportangebote zu schaffen und ehrenamtliche Trainer f\u00fcr den inklusiven Sport zu gewinnen.\u201d<\/p>\n<p style=\"text-align: justify;\">Von 17. Juni bis zum 25. Juni war Berlin Ausrichtungsort der Special Olympics Worlds Games 2023, der weltweit gr\u00f6\u00dften inklusiven Sportveranstaltung. Es nahmen 6.500 Athletinnen und Athleten mit geistiger und mehrfacher Behinderung aus 192 Nationen teil. Im gesamten Stadtgebiet sind sie in 26 Wettbewerben gegeneinander angetreten und wurden dabei von 100.000 sportbegeisterten Menschen live unterst\u00fctzt.<\/p>\n<p>Quelle: Presse- und Informationsamt des Landes Berlin, <a href=\"https:\/\/www.berlin.de\/rbmskzl\/aktuelles\/pressemitteilungen\/2023\/pressemitteilung.1343348.php\" target=\"_blank\" rel=\"noopener\">Pressemitteilung vom 07.07.2023<\/a><\/p>\n<p>&nbsp;<\/p>\n<p>&nbsp;<\/p>\n","protected":false},"excerpt":{"rendered":"<p>Der Regierende B\u00fcrgermeister von Berlin, Kai Wegner, hat die 35 Berliner Teilnehmerinnen und Teilnehmer der Special Olympics World Games 2023 ins Rote Rathaus eingeladen und ihre erfolgreiche Teilnahme gew\u00fcrdigt. Zudem [&#8230;]<\/p>\n","protected":false},"author":13,"featured_media":0,"comment_status":"closed","ping_status":"closed","sticky":false,"template":"","format":"standard","meta":{"ngg_post_thumbnail":0,"iawp_total_views":0,"footnotes":""},"categories":[343],"tags":[],"class_list":["post-42905","post","type-post","status-publish","format-standard","hentry","category-special-olympics-world-games"],"_links":{"self":[{"href":"https:\/\/iuzb.de\/index.php?rest_route=\/wp\/v2\/posts\/42905","targetHints":{"allow":["GET"]}}],"collection":[{"href":"https:\/\/iuzb.de\/index.php?rest_route=\/wp\/v2\/posts"}],"about":[{"href":"https:\/\/iuzb.de\/index.php?rest_route=\/wp\/v2\/types\/post"}],"author":[{"embeddable":true,"href":"https:\/\/iuzb.de\/index.php?rest_route=\/wp\/v2\/users\/13"}],"replies":[{"embeddable":true,"href":"https:\/\/iuzb.de\/index.php?rest_route=%2Fwp%2Fv2%2Fcomments&post=42905"}],"version-history":[{"count":2,"href":"https:\/\/iuzb.de\/index.php?rest_route=\/wp\/v2\/posts\/42905\/revisions"}],"predecessor-version":[{"id":42907,"href":"https:\/\/iuzb.de\/index.php?rest_route=\/wp\/v2\/posts\/42905\/revisions\/42907"}],"wp:attachment":[{"href":"https:\/\/iuzb.de\/index.php?rest_route=%2Fwp%2Fv2%2Fmedia&parent=42905"}],"wp:term":[{"taxonomy":"category","embeddable":true,"href":"https:\/\/iuzb.de\/index.php?rest_route=%2Fwp%2Fv2%2Fcategories&post=42905"},{"taxonomy":"post_tag","embeddable":true,"href":"https:\/\/iuzb.de\/index.php?rest_route=%2Fwp%2Fv2%2Ftags&post=42905"}],"curies":[{"name":"wp","href":"https:\/\/api.w.org\/{rel}","templated":true}]}}