{"id":42707,"date":"2023-06-22T16:24:57","date_gmt":"2023-06-22T14:24:57","guid":{"rendered":"https:\/\/iuzb.de\/?p=42707"},"modified":"2023-06-22T16:25:32","modified_gmt":"2023-06-22T14:25:32","slug":"bsg-posttraumatische-belastungsstoerung-als-berufskrankheit-bei-rettungssanitaetern-anerkennungsfaehig","status":"publish","type":"post","link":"https:\/\/iuzb.de\/?p=42707","title":{"rendered":"BSG: Posttraumatische Belastungsst\u00f6rung als Berufskrankheit bei Rettungssanit\u00e4tern anerkennungsf\u00e4hig"},"content":{"rendered":"<p style=\"text-align: justify;\">Eine Posttraumatische Belastungsst\u00f6rung bei Rettungssanit\u00e4tern kann als &#8222;Wie-Berufskrankheit&#8220; anerkannt werden, auch wenn die Posttraumatische Belastungsst\u00f6rung nicht zu den in der <a href=\"https:\/\/www.gesetze-im-internet.de\/bkv\/\" target=\"_blank\" rel=\"noopener\">Berufskrankheiten-Verordnung<\/a> aufgez\u00e4hlten Berufskrankheiten geh\u00f6rt. Dies hat der 2. Senat des Bundessozialgerichts heute entschieden.<\/p>\n<p style=\"text-align: justify;\">Der Kl\u00e4ger erlebte als Rettungssanit\u00e4ter viele traumatisierende Ereignisse (unter anderem Amoklauf, Suizide und andere das Leben sehr belastende Momente). Im Jahr 2016 wurde bei ihm eine Posttraumatische Belastungsst\u00f6rung festgestellt. Die Beklagte lehnte es ab, diese Erkrankung als Berufskrankheit anzuerkennen, weil die Posttraumatische Belastungsst\u00f6rung nicht zu den in der Berufskrankheiten-Liste aufgez\u00e4hlten Berufskrankheiten geh\u00f6rt. Die Posttraumatische Belastungsst\u00f6rung sei auch nicht als &#8222;Wie-Berufskrankheit&#8220; anzuerkennen.<\/p>\n<p style=\"text-align: justify;\">Anders als die Vorinstanzen hat das Bundessozialgericht entschieden, dass eine Posttraumatische Belastungsst\u00f6rung bei Rettungssanit\u00e4tern als &#8222;Wie-Berufskrankheit&#8220; anerkannt werden kann. Rettungssanit\u00e4ter sind w\u00e4hrend ihrer Arbeitszeit einem erh\u00f6hten Risiko der Konfrontation mit traumatisierenden Ereignissen ausgesetzt. Diese Einwirkungen sind abstrakt-generell nach dem Stand der Wissenschaft Ursache einer Posttraumatischen Belastungsst\u00f6rung. Dieser Ursachenzusammenhang ergibt sich aus den international anerkannten Diagnosesystemen, insbesondere dem Statistischen Manual Psychischer St\u00f6rungen der Amerikanischen Psychiatrischen Vereinigung (DSM), sowie den Leitlinien der wissenschaftlich-medizinischen Fachgesellschaften.<\/p>\n<p style=\"text-align: justify;\">Ob beim Kl\u00e4ger tats\u00e4chlich eine Posttraumatische Belastungsst\u00f6rung vorliegt, die auf seine T\u00e4tigkeit als Rettungssanit\u00e4ter zur\u00fcckzuf\u00fchren ist, bedarf indes noch weiterer Feststellungen, so dass die Sache an das Landessozialgericht zur\u00fcckzuverweisen war.<\/p>\n<p>Quelle: Bundessozialgericht, Pressemitteilung vom 22.06.2023 zu Aktenzeichen B 2 U 11\/20 R.<\/p>\n<p>&nbsp;<\/p>\n<p>&nbsp;<\/p>\n","protected":false},"excerpt":{"rendered":"<p>Eine Posttraumatische Belastungsst\u00f6rung bei Rettungssanit\u00e4tern kann als &#8222;Wie-Berufskrankheit&#8220; anerkannt werden, auch wenn die Posttraumatische Belastungsst\u00f6rung nicht zu den in der Berufskrankheiten-Verordnung aufgez\u00e4hlten Berufskrankheiten geh\u00f6rt. Dies hat der 2. Senat des [&#8230;]<\/p>\n","protected":false},"author":13,"featured_media":0,"comment_status":"closed","ping_status":"closed","sticky":false,"template":"","format":"standard","meta":{"ngg_post_thumbnail":0,"iawp_total_views":1,"footnotes":""},"categories":[80],"tags":[],"class_list":["post-42707","post","type-post","status-publish","format-standard","hentry","category-bsg"],"_links":{"self":[{"href":"https:\/\/iuzb.de\/index.php?rest_route=\/wp\/v2\/posts\/42707","targetHints":{"allow":["GET"]}}],"collection":[{"href":"https:\/\/iuzb.de\/index.php?rest_route=\/wp\/v2\/posts"}],"about":[{"href":"https:\/\/iuzb.de\/index.php?rest_route=\/wp\/v2\/types\/post"}],"author":[{"embeddable":true,"href":"https:\/\/iuzb.de\/index.php?rest_route=\/wp\/v2\/users\/13"}],"replies":[{"embeddable":true,"href":"https:\/\/iuzb.de\/index.php?rest_route=%2Fwp%2Fv2%2Fcomments&post=42707"}],"version-history":[{"count":2,"href":"https:\/\/iuzb.de\/index.php?rest_route=\/wp\/v2\/posts\/42707\/revisions"}],"predecessor-version":[{"id":42709,"href":"https:\/\/iuzb.de\/index.php?rest_route=\/wp\/v2\/posts\/42707\/revisions\/42709"}],"wp:attachment":[{"href":"https:\/\/iuzb.de\/index.php?rest_route=%2Fwp%2Fv2%2Fmedia&parent=42707"}],"wp:term":[{"taxonomy":"category","embeddable":true,"href":"https:\/\/iuzb.de\/index.php?rest_route=%2Fwp%2Fv2%2Fcategories&post=42707"},{"taxonomy":"post_tag","embeddable":true,"href":"https:\/\/iuzb.de\/index.php?rest_route=%2Fwp%2Fv2%2Ftags&post=42707"}],"curies":[{"name":"wp","href":"https:\/\/api.w.org\/{rel}","templated":true}]}}