{"id":42702,"date":"2023-06-22T15:35:48","date_gmt":"2023-06-22T13:35:48","guid":{"rendered":"https:\/\/iuzb.de\/?p=42702"},"modified":"2023-06-22T15:37:50","modified_gmt":"2023-06-22T13:37:50","slug":"bsg-hepatitis-b-als-berufskrankheit-bei-feuerwehrleuten-anzuerkennen","status":"publish","type":"post","link":"https:\/\/iuzb.de\/?p=42702","title":{"rendered":"BSG: Hepatitis B als Berufskrankheit bei Feuerwehrleuten anzuerkennen"},"content":{"rendered":"<p style=\"text-align: justify;\">Die Hepatitis B-Erkrankung eines Feuerwehrmanns kann als Berufskrankheit anerkannt werden. Dies hat der 2. Senat des Bundessozialgerichts heute entschieden.<\/p>\n<p style=\"text-align: justify;\">Der Kl\u00e4ger war Mitglied, Wehrf\u00fchrer und Bergretter der Freiwilligen Feuerwehr. Er verrichtete klassische L\u00f6scht\u00e4tigkeiten, versorgte Verkehrsunfallverletzte und rettete Wanderer, Kletterer und Gleitschirmflieger aus unwegsamem Gel\u00e4nde.<\/p>\n<p style=\"text-align: justify;\">2017 erkrankte er an Hepatitis B. W\u00e4hrend die Beklagte eine Berufskrankheit verneinte, hat das Sozialgericht eine Berufskrankheit nach Nummer 3101 der <a href=\"https:\/\/www.gesetze-im-internet.de\/bkv\/anlage_1.html\" target=\"_blank\" rel=\"noopener\">Anlage 1<\/a> zur <a href=\"https:\/\/www.gesetze-im-internet.de\/bkv\/\" target=\"_blank\" rel=\"noopener\">Berufskrankheiten-Verordnung<\/a> festgestellt. Dagegen hat das Landessozialgericht die Klage abgewiesen.<\/p>\n<p style=\"text-align: justify;\">Das Bundessozialgericht hat der Klage stattgegeben. Der Kl\u00e4ger war bei seiner T\u00e4tigkeit Infektionsgefahren besonders ausgesetzt, weil er dabei unvermeidbar Kontakt mit Blut und sonstigen K\u00f6rperfl\u00fcssigkeiten, insbesondere Schwei\u00df, Erbrochenem und Tr\u00e4nenfl\u00fcssigkeit hatte. Auf eine konkret nachgewiesene Infektionssituation oder eine bestimmte Anzahl von Eins\u00e4tzen mit Kontakt zu verletzten Personen kommt es f\u00fcr die Anerkennung der Berufskrankheit Nummer 3101 nicht an.<\/p>\n<p>Quelle: Bundesssozialgericht, <a href=\"https:\/\/www.bsg.bund.de\/SharedDocs\/Pressemitteilungen\/DE\/2023\/2023_18.html\" target=\"_blank\" rel=\"noopener\">Pressemitteilung vom 22.06.2023<\/a> zu Aktenzeichen B 2 U 9\/21 R)<\/p>\n<p>&nbsp;<\/p>\n<p>&nbsp;<\/p>\n","protected":false},"excerpt":{"rendered":"<p>Die Hepatitis B-Erkrankung eines Feuerwehrmanns kann als Berufskrankheit anerkannt werden. Dies hat der 2. Senat des Bundessozialgerichts heute entschieden. Der Kl\u00e4ger war Mitglied, Wehrf\u00fchrer und Bergretter der Freiwilligen Feuerwehr. Er [&#8230;]<\/p>\n","protected":false},"author":13,"featured_media":0,"comment_status":"closed","ping_status":"closed","sticky":false,"template":"","format":"standard","meta":{"ngg_post_thumbnail":0,"iawp_total_views":0,"footnotes":""},"categories":[80],"tags":[],"class_list":["post-42702","post","type-post","status-publish","format-standard","hentry","category-bsg"],"_links":{"self":[{"href":"https:\/\/iuzb.de\/index.php?rest_route=\/wp\/v2\/posts\/42702","targetHints":{"allow":["GET"]}}],"collection":[{"href":"https:\/\/iuzb.de\/index.php?rest_route=\/wp\/v2\/posts"}],"about":[{"href":"https:\/\/iuzb.de\/index.php?rest_route=\/wp\/v2\/types\/post"}],"author":[{"embeddable":true,"href":"https:\/\/iuzb.de\/index.php?rest_route=\/wp\/v2\/users\/13"}],"replies":[{"embeddable":true,"href":"https:\/\/iuzb.de\/index.php?rest_route=%2Fwp%2Fv2%2Fcomments&post=42702"}],"version-history":[{"count":4,"href":"https:\/\/iuzb.de\/index.php?rest_route=\/wp\/v2\/posts\/42702\/revisions"}],"predecessor-version":[{"id":42706,"href":"https:\/\/iuzb.de\/index.php?rest_route=\/wp\/v2\/posts\/42702\/revisions\/42706"}],"wp:attachment":[{"href":"https:\/\/iuzb.de\/index.php?rest_route=%2Fwp%2Fv2%2Fmedia&parent=42702"}],"wp:term":[{"taxonomy":"category","embeddable":true,"href":"https:\/\/iuzb.de\/index.php?rest_route=%2Fwp%2Fv2%2Fcategories&post=42702"},{"taxonomy":"post_tag","embeddable":true,"href":"https:\/\/iuzb.de\/index.php?rest_route=%2Fwp%2Fv2%2Ftags&post=42702"}],"curies":[{"name":"wp","href":"https:\/\/api.w.org\/{rel}","templated":true}]}}