{"id":42691,"date":"2023-06-22T09:20:18","date_gmt":"2023-06-22T07:20:18","guid":{"rendered":"https:\/\/iuzb.de\/?p=42691"},"modified":"2023-06-22T09:21:28","modified_gmt":"2023-06-22T07:21:28","slug":"das-vivantes-pflegeteam-waechst-weiter-auch-mit-verstaerkung-aus-dem-ausland-erste-kolleginnen-aus-tunesien-und-indien-angekommen","status":"publish","type":"post","link":"https:\/\/iuzb.de\/?p=42691","title":{"rendered":"Das Vivantes Pflegeteam w\u00e4chst weiter \u2013 auch mit Verst\u00e4rkung aus dem Ausland  \/ Erste Kolleg*innen aus Tunesien und Indien angekommen"},"content":{"rendered":"<p style=\"text-align: justify;\"><strong>Ausl\u00e4ndische Pflegefachkr\u00e4fte st\u00e4rken ab sofort das Vivantes Team. Bis Ende 2024 werden \u00fcber 400 neue Kolleg*innen vorwiegend aus Tunesien, Algerien und Indien zu Vivantes kommen. Die ersten haben bereits ihre Arbeit begonnen. Bis Ende des Jahres sollen es 240 sein.<\/strong><\/p>\n<p style=\"text-align: justify;\">Um den Bedarf an Pflegekr\u00e4ften generell zu decken und den Tarifvertrag Pro Personal Vivantes noch besser umsetzen zu k\u00f6nnen, rekrutiert Vivantes nicht nur in Deutschland, sondern wirbt nun auch verst\u00e4rkt bei ausl\u00e4ndischen Pflegefachkr\u00e4ften f\u00fcr eine T\u00e4tigkeit in Berlin. Damit das nachhaltig gelingt, ist insbesondere die berufliche und kulturelle Integration wichtig. Deutschlands gr\u00f6\u00dftes kommunales Klinikunternehmen arbeitet hier nicht nur mit Vermittlungsagenturen zusammen, die das Siegel &#8222;faire Anwerbung Pflege Deutschland&#8220; tragen, sondern legt vor allem Wert auf eine intensive Begleitung der neuen Kolleg*innen im Alltag. Das geht weit \u00fcber die eigentliche Einarbeitung hinaus und erstreckt sich auch auf b\u00fcrokratische und allt\u00e4gliche Herausforderungen wie Anmeldung, Mietvertrag, Kontoer\u00f6ffnung oder Internetzugang. Daf\u00fcr sorgen die Mitarbeiter*innen des Vivantes Recruitingcenters, die Integrationsbegleiter*innen in den Kliniken und die enge Einbindung in die Stations-Teams. Die Anpassungsqualifizierung zur Berufsanerkennung erfolgt am gemeinsamen Tochterunternehmen von Vivantes und Charit\u00e9, dem Berliner Bildungscampus f\u00fcr Gesundheitsberufe (BBG).<\/p>\n<p style=\"text-align: justify;\">Dorothea Schmidt, Gesch\u00e4ftsf\u00fchrerin Personalmanagement:<\/p>\n<blockquote>\n<p style=\"text-align: justify;\">\u201eWir k\u00f6nnen und werden unseren Fachkr\u00e4ftebedarf nicht allein mit Bewerber*innen aus Deutschland decken. Deshalb ben\u00f6tigen auch wir zwingend Verst\u00e4rkung aus dem Ausland. Wir tragen damit zur Sicherung der Versorgung unserer Patient*innen bei und entlasten unsere Kolleg*innen. Damit dies auch nachhaltig gelingt, ist Integration auf allen Ebenen das A und O. Hierf\u00fcr engagieren sich viele unserer Mitarbeiter*innen \u00fcber ihre allt\u00e4glichen Aufgaben hinaus. Das ist gro\u00dfartig und ein herzliches Dankesch\u00f6n meinerseits daf\u00fcr.&#8220;<\/p>\n<\/blockquote>\n<p style=\"text-align: justify;\"><span style=\"text-decoration: underline;\">Hintergrund<\/span><\/p>\n<p style=\"text-align: justify;\">Mehr als 18.000 Menschen aus 120 Nationen arbeiten bei Vivantes. \u00dcber die H\u00e4lfte der Belegschaft macht der Pflege- und Funktionsdienst aus. Der Tarifvertrag &#8222;Pro Personal Vivantes&#8220;, der im Januar 2022 in Kraft getreten ist, soll die Arbeitsbedingungen der Besch\u00e4ftigten nachhaltig und messbar verbessern und die Qualit\u00e4t der Patientenversorgung erh\u00f6hen.<\/p>\n<p>Quelle: Vivantes, <a href=\"https:\/\/www.vivantes.de\/unternehmen\/presse\/pressemitteilungen\/presse-detail\/news\/das-vivantes-pflegeteam-waechst-weiter-auch-mit-verstaerkung-aus-dem-ausland\" target=\"_blank\" rel=\"noopener\">Pressemitteilung vom 22.06.2023<\/a><\/p>\n<p>&nbsp;<\/p>\n<p>&nbsp;<\/p>\n","protected":false},"excerpt":{"rendered":"<p>Ausl\u00e4ndische Pflegefachkr\u00e4fte st\u00e4rken ab sofort das Vivantes Team. Bis Ende 2024 werden \u00fcber 400 neue Kolleg*innen vorwiegend aus Tunesien, Algerien und Indien zu Vivantes kommen. Die ersten haben bereits ihre [&#8230;]<\/p>\n","protected":false},"author":13,"featured_media":0,"comment_status":"closed","ping_status":"closed","sticky":false,"template":"","format":"standard","meta":{"ngg_post_thumbnail":0,"iawp_total_views":1,"footnotes":""},"categories":[284],"tags":[],"class_list":["post-42691","post","type-post","status-publish","format-standard","hentry","category-vivantes"],"_links":{"self":[{"href":"https:\/\/iuzb.de\/index.php?rest_route=\/wp\/v2\/posts\/42691","targetHints":{"allow":["GET"]}}],"collection":[{"href":"https:\/\/iuzb.de\/index.php?rest_route=\/wp\/v2\/posts"}],"about":[{"href":"https:\/\/iuzb.de\/index.php?rest_route=\/wp\/v2\/types\/post"}],"author":[{"embeddable":true,"href":"https:\/\/iuzb.de\/index.php?rest_route=\/wp\/v2\/users\/13"}],"replies":[{"embeddable":true,"href":"https:\/\/iuzb.de\/index.php?rest_route=%2Fwp%2Fv2%2Fcomments&post=42691"}],"version-history":[{"count":3,"href":"https:\/\/iuzb.de\/index.php?rest_route=\/wp\/v2\/posts\/42691\/revisions"}],"predecessor-version":[{"id":42694,"href":"https:\/\/iuzb.de\/index.php?rest_route=\/wp\/v2\/posts\/42691\/revisions\/42694"}],"wp:attachment":[{"href":"https:\/\/iuzb.de\/index.php?rest_route=%2Fwp%2Fv2%2Fmedia&parent=42691"}],"wp:term":[{"taxonomy":"category","embeddable":true,"href":"https:\/\/iuzb.de\/index.php?rest_route=%2Fwp%2Fv2%2Fcategories&post=42691"},{"taxonomy":"post_tag","embeddable":true,"href":"https:\/\/iuzb.de\/index.php?rest_route=%2Fwp%2Fv2%2Ftags&post=42691"}],"curies":[{"name":"wp","href":"https:\/\/api.w.org\/{rel}","templated":true}]}}