{"id":42593,"date":"2023-06-15T13:18:56","date_gmt":"2023-06-15T11:18:56","guid":{"rendered":"https:\/\/iuzb.de\/?p=42593"},"modified":"2023-06-15T13:36:02","modified_gmt":"2023-06-15T11:36:02","slug":"22-06-2023-posttraumatische-belastungsstoerung-als-berufskrankheit-bei-rettungssanitaetern","status":"publish","type":"post","link":"https:\/\/iuzb.de\/?p=42593","title":{"rendered":"BSG 22.06.2023: Posttraumatische Belastungsst\u00f6rung als Berufskrankheit bei Rettungssanit\u00e4tern?"},"content":{"rendered":"<p style=\"text-align: justify;\"><strong>Kann eine Posttraumatische Belastungsst\u00f6rung bei Rettungssanit\u00e4tern als &#8222;Wie-Berufskrankheit&#8220; anerkannt werden, obwohl die Posttraumatische Belastungsst\u00f6rung nicht zu den in der Berufskrankheiten-Verordnung aufgez\u00e4hlten Berufskrankheiten geh\u00f6rt?<\/strong><\/p>\n<p style=\"text-align: justify;\">Mit dieser Frage befasst sich der 2. Senat des Bundessozialgerichts in seiner Sitzung am 22. Juni 2023 um 12 Uhr im Elisabeth-Selbert-Saal (Aktenzeichen B 2 U 11\/20 R).<\/p>\n<p style=\"text-align: justify;\">Der Kl\u00e4ger erlebte als Rettungssanit\u00e4ter viele traumatisierende Ereignisse (unter anderem Amoklauf, Suizide und andere das Leben sehr belastende Momente). Im Jahr 2016 wurde bei ihm eine Posttraumatische Belastungsst\u00f6rung festgestellt.<\/p>\n<p style=\"text-align: justify;\">Die Beklagte lehnte es ab, diese Erkrankung als Berufskrankheit anzuerkennen, weil die Posttraumatische Belastungsst\u00f6rung nicht zu den in der Berufskrankheiten-Liste aufgez\u00e4hlten Berufskrankheiten geh\u00f6rt. Die Posttraumatische Belastungsst\u00f6rung sei auch nicht als Wie-Berufskrankheit anzuerkennen.<\/p>\n<p style=\"text-align: justify;\">Klage und Berufung waren erfolglos. Das Landessozialgericht hat ausgef\u00fchrt, es gehe davon aus, dass Rettungssanit\u00e4ter wie der Kl\u00e4ger w\u00e4hrend ihrer Arbeitszeit einem erh\u00f6hten Risiko der Konfrontation mit traumatisierenden Ereignissen ausgesetzt seien. Ausreichend gesicherte neue medizinische Erkenntnisse \u00fcber ein deutlich erh\u00f6htes Risiko bei Rettungssanit\u00e4tern, eine beruflich verursachte Posttraumatische Belastungsst\u00f6rung zu entwickeln, l\u00e4gen aber nicht vor. Ebenso wenig seien entsprechende Erkenntnisse vorhanden, dass (allein) die wiederholte Konfrontation mit traumatischen Ereignissen bei dritten Personen generell geeignet sei, eine Posttraumatische Belastungsst\u00f6rung zu verursachen.<\/p>\n<p style=\"text-align: justify;\">Mit seiner Revision r\u00fcgt der Kl\u00e4ger unter anderem die Verletzung materiellen Rechts (\u00a7 9 Absatz 2 SGB VII).<\/p>\n<p style=\"text-align: justify;\">Das Bundessozialgericht hat ein Sachverst\u00e4ndigengutachten zum Auftreten und zu Ursachenzusammenh\u00e4ngen von Posttraumatische Belastungsst\u00f6rung in der Berufsgruppe der Rettungssanit\u00e4ter eingeholt.<\/p>\n<p>Quelle: Bundessozialgericht, Terminhinweis\/Pressemitteilung vom 15.06.2023 zur Sitzung des 2. Senat am 22.06.2023<\/p>\n<p>&nbsp;<\/p>\n<p>&nbsp;<\/p>\n","protected":false},"excerpt":{"rendered":"<p>Kann eine Posttraumatische Belastungsst\u00f6rung bei Rettungssanit\u00e4tern als &#8222;Wie-Berufskrankheit&#8220; anerkannt werden, obwohl die Posttraumatische Belastungsst\u00f6rung nicht zu den in der Berufskrankheiten-Verordnung aufgez\u00e4hlten Berufskrankheiten geh\u00f6rt? Mit dieser Frage befasst sich der 2. [&#8230;]<\/p>\n","protected":false},"author":13,"featured_media":0,"comment_status":"closed","ping_status":"closed","sticky":false,"template":"","format":"standard","meta":{"ngg_post_thumbnail":0,"iawp_total_views":0,"footnotes":""},"categories":[80,68],"tags":[],"class_list":["post-42593","post","type-post","status-publish","format-standard","hentry","category-bsg","category-recht"],"_links":{"self":[{"href":"https:\/\/iuzb.de\/index.php?rest_route=\/wp\/v2\/posts\/42593","targetHints":{"allow":["GET"]}}],"collection":[{"href":"https:\/\/iuzb.de\/index.php?rest_route=\/wp\/v2\/posts"}],"about":[{"href":"https:\/\/iuzb.de\/index.php?rest_route=\/wp\/v2\/types\/post"}],"author":[{"embeddable":true,"href":"https:\/\/iuzb.de\/index.php?rest_route=\/wp\/v2\/users\/13"}],"replies":[{"embeddable":true,"href":"https:\/\/iuzb.de\/index.php?rest_route=%2Fwp%2Fv2%2Fcomments&post=42593"}],"version-history":[{"count":4,"href":"https:\/\/iuzb.de\/index.php?rest_route=\/wp\/v2\/posts\/42593\/revisions"}],"predecessor-version":[{"id":42603,"href":"https:\/\/iuzb.de\/index.php?rest_route=\/wp\/v2\/posts\/42593\/revisions\/42603"}],"wp:attachment":[{"href":"https:\/\/iuzb.de\/index.php?rest_route=%2Fwp%2Fv2%2Fmedia&parent=42593"}],"wp:term":[{"taxonomy":"category","embeddable":true,"href":"https:\/\/iuzb.de\/index.php?rest_route=%2Fwp%2Fv2%2Fcategories&post=42593"},{"taxonomy":"post_tag","embeddable":true,"href":"https:\/\/iuzb.de\/index.php?rest_route=%2Fwp%2Fv2%2Ftags&post=42593"}],"curies":[{"name":"wp","href":"https:\/\/api.w.org\/{rel}","templated":true}]}}