{"id":42561,"date":"2023-06-15T10:05:56","date_gmt":"2023-06-15T08:05:56","guid":{"rendered":"https:\/\/iuzb.de\/?p=42561"},"modified":"2023-06-15T10:50:06","modified_gmt":"2023-06-15T08:50:06","slug":"1923-strafbefehl-ueber-200-mark-oder-1-tag-haft-wegen-nichtimpfung-des-kindes","status":"publish","type":"post","link":"https:\/\/iuzb.de\/?p=42561","title":{"rendered":"1923: Strafbefehl \u00fcber 200 Mark oder 1 Tag Haft wegen Nichtimpfung des Kindes gegen Pocken"},"content":{"rendered":"<p><strong>Strafbefehl vom 11. Juni 2023:<\/strong><\/p>\n<blockquote><p>Nach der Anzeige des Bezirks Kissingen vom 07. Juni 1923 es unterlassen haben &#8230; den Ihnen obliegenden Nachweis zu f\u00fchren, da\u00df die Impfung Ihres Kindes Wilhelmine erfolgt ist, und sich dadurch gegen \u00a7\u00a7 12, 14 Ab. 1 Imgesetz verfehlt haben.<\/p>\n<p>&#8230;. gegen Sie eine Geldstrafe von <strong>200 Mk<\/strong> festgesetzt. An die Stelle der Geldstrafe tritt im Falle der Uneinbringlichkeit eine <strong>Haftstrafe von 1 Tage<\/strong>.<\/p><\/blockquote>\n<p><a href=\"https:\/\/de.wikipedia.org\/wiki\/Impfgesetz\" target=\"_blank\" rel=\"noopener\">Wikipedia<\/a> (Auszug):<\/p>\n<blockquote><p>Das Impfgesetz vom 8. April 1874 (oft auch Reichsimpfgesetz) war ein vom deutschen Reichstag beschlossenes Gesetz \u00fcber eine allgemeine Impfpflicht gegen die <strong>Pocken<\/strong> und damit das erste Impfgesetz, das in ganz Deutschland galt. &#8230; Das Impfgesetz sah eine Impfpflicht f\u00fcr alle Kinder w\u00e4hrend des zweiten Lebensjahres sowie eine Wiederimpfung im Alter von 12 Jahren vor. Eine Befreiung von der Impfpflicht war durch ein \u00e4rztliches Attest m\u00f6glich. Ein Kind durfte nur auf Vorlage eines Impfscheines in eine Schule aufgenommen werden. &#8230;&nbsp; Als Strafregelungen f\u00fcr Eltern und Vorm\u00fcnder, die die vorgeschriebenen Impfverpflichtungen nicht einhielten, wurden Geldstrafen bis zu f\u00fcnfzig Mark oder Haftstrafen bis zu drei Tagen festgelegt. Die Impfung wurde kostenlos von staatlichen Impf\u00e4rzten oder impfberechtigten \u00c4rzten verabreicht, die eine Impfstatistik f\u00fchren mussten.<\/p><\/blockquote>\n<p>Der Strafbefehl erging nach dem Beginn der <a href=\"https:\/\/de.wikipedia.org\/wiki\/Deutsche_Inflation_1914_bis_1923\" target=\"_blank\" rel=\"noopener\">Hyperinflation<\/a>. Der Brief ist mit Dienstmarken 4x 20 Mark und 2x 100 Mark = zusammen <strong>280 Mark<\/strong> frankiert (<a href=\"https:\/\/de.wikipedia.org\/wiki\/Michel-Katalog\" target=\"_blank\" rel=\"noopener\">Michel<\/a> Nummer <a href=\"https:\/\/de.wikipedia.org\/wiki\/Briefmarken-Jahrgang_1923_der_Deutschen_Reichspost\" target=\"_blank\" rel=\"noopener\">72 und 74<\/a>). Allein das Porto war also h\u00f6her als der Strafbefehl \u00fcber<strong> 200 Mark<\/strong>.<\/p>\n<p>Auch damals gab es Impfgegner, wie hier z.B. <a href=\"https:\/\/1923krise.hypotheses.org\/37631\" target=\"_blank\" rel=\"noopener\">am 11. Juni 2023 auf einer Webseite<\/a> des <a href=\"https:\/\/1923krise.hypotheses.org\/credits\" target=\"_blank\" rel=\"noopener\">Stadtarchiv Solingen<\/a> mit einem Beleg vom (zuf\u00e4lligerweise ebenfalls) 11. Juni 1923 abgebildet.<\/p>\n<p>&nbsp;<\/p>\n<p><img loading=\"lazy\" decoding=\"async\" class=\"alignnone wp-image-42569 size-full\" src=\"https:\/\/iuzb.de\/wp-content\/uploads\/2023\/06\/2023-06-11-Strafbefehl-wegen-Pockenschutznichtimpfung-02-klein.jpg\" alt=\"\" width=\"1600\" height=\"1896\" srcset=\"https:\/\/iuzb.de\/wp-content\/uploads\/2023\/06\/2023-06-11-Strafbefehl-wegen-Pockenschutznichtimpfung-02-klein.jpg 1600w, https:\/\/iuzb.de\/wp-content\/uploads\/2023\/06\/2023-06-11-Strafbefehl-wegen-Pockenschutznichtimpfung-02-klein-253x300.jpg 253w, https:\/\/iuzb.de\/wp-content\/uploads\/2023\/06\/2023-06-11-Strafbefehl-wegen-Pockenschutznichtimpfung-02-klein-101x120.jpg 101w, https:\/\/iuzb.de\/wp-content\/uploads\/2023\/06\/2023-06-11-Strafbefehl-wegen-Pockenschutznichtimpfung-02-klein-768x910.jpg 768w, https:\/\/iuzb.de\/wp-content\/uploads\/2023\/06\/2023-06-11-Strafbefehl-wegen-Pockenschutznichtimpfung-02-klein-1296x1536.jpg 1296w\" sizes=\"auto, (max-width: 1600px) 100vw, 1600px\" \/><\/p>\n<p><img loading=\"lazy\" decoding=\"async\" class=\"alignnone wp-image-42567 size-full\" src=\"https:\/\/iuzb.de\/wp-content\/uploads\/2023\/06\/2023-06-11-Strafbefehl-wegen-Pockenschutznichtimpfung-01-klein.jpg\" alt=\"\" width=\"1600\" height=\"879\" srcset=\"https:\/\/iuzb.de\/wp-content\/uploads\/2023\/06\/2023-06-11-Strafbefehl-wegen-Pockenschutznichtimpfung-01-klein.jpg 1600w, https:\/\/iuzb.de\/wp-content\/uploads\/2023\/06\/2023-06-11-Strafbefehl-wegen-Pockenschutznichtimpfung-01-klein-450x247.jpg 450w, https:\/\/iuzb.de\/wp-content\/uploads\/2023\/06\/2023-06-11-Strafbefehl-wegen-Pockenschutznichtimpfung-01-klein-218x120.jpg 218w, https:\/\/iuzb.de\/wp-content\/uploads\/2023\/06\/2023-06-11-Strafbefehl-wegen-Pockenschutznichtimpfung-01-klein-768x422.jpg 768w, https:\/\/iuzb.de\/wp-content\/uploads\/2023\/06\/2023-06-11-Strafbefehl-wegen-Pockenschutznichtimpfung-01-klein-1536x844.jpg 1536w\" sizes=\"auto, (max-width: 1600px) 100vw, 1600px\" \/><\/p>\n<p>Brief erworben \u00fcber ebay f\u00fcr insgesamt 4,01 \u20ac.<\/p>\n","protected":false},"excerpt":{"rendered":"<p>Strafbefehl vom 11. Juni 2023: Nach der Anzeige des Bezirks Kissingen vom 07. Juni 1923 es unterlassen haben &#8230; den Ihnen obliegenden Nachweis zu f\u00fchren, da\u00df die Impfung Ihres Kindes [&#8230;]<\/p>\n","protected":false},"author":13,"featured_media":0,"comment_status":"closed","ping_status":"closed","sticky":false,"template":"","format":"standard","meta":{"ngg_post_thumbnail":0,"iawp_total_views":0,"footnotes":""},"categories":[123],"tags":[],"class_list":["post-42561","post","type-post","status-publish","format-standard","hentry","category-zahngeschichte"],"_links":{"self":[{"href":"https:\/\/iuzb.de\/index.php?rest_route=\/wp\/v2\/posts\/42561","targetHints":{"allow":["GET"]}}],"collection":[{"href":"https:\/\/iuzb.de\/index.php?rest_route=\/wp\/v2\/posts"}],"about":[{"href":"https:\/\/iuzb.de\/index.php?rest_route=\/wp\/v2\/types\/post"}],"author":[{"embeddable":true,"href":"https:\/\/iuzb.de\/index.php?rest_route=\/wp\/v2\/users\/13"}],"replies":[{"embeddable":true,"href":"https:\/\/iuzb.de\/index.php?rest_route=%2Fwp%2Fv2%2Fcomments&post=42561"}],"version-history":[{"count":19,"href":"https:\/\/iuzb.de\/index.php?rest_route=\/wp\/v2\/posts\/42561\/revisions"}],"predecessor-version":[{"id":42582,"href":"https:\/\/iuzb.de\/index.php?rest_route=\/wp\/v2\/posts\/42561\/revisions\/42582"}],"wp:attachment":[{"href":"https:\/\/iuzb.de\/index.php?rest_route=%2Fwp%2Fv2%2Fmedia&parent=42561"}],"wp:term":[{"taxonomy":"category","embeddable":true,"href":"https:\/\/iuzb.de\/index.php?rest_route=%2Fwp%2Fv2%2Fcategories&post=42561"},{"taxonomy":"post_tag","embeddable":true,"href":"https:\/\/iuzb.de\/index.php?rest_route=%2Fwp%2Fv2%2Ftags&post=42561"}],"curies":[{"name":"wp","href":"https:\/\/api.w.org\/{rel}","templated":true}]}}