{"id":42531,"date":"2023-06-12T21:05:40","date_gmt":"2023-06-12T19:05:40","guid":{"rendered":"https:\/\/iuzb.de\/?p=42531"},"modified":"2023-06-12T21:07:49","modified_gmt":"2023-06-12T19:07:49","slug":"die-welt-zu-gast-in-berlin-host-town-programm-zu-den-special-olympics-world-games-beginnt","status":"publish","type":"post","link":"https:\/\/iuzb.de\/?p=42531","title":{"rendered":"Die Welt zu Gast in Berlin! &#8211; Host-Town Programm zu den Special Olympics World Games beginnt"},"content":{"rendered":"<div style=\"width: 478px\" class=\"wp-caption alignright\"><a href=\"https:\/\/www.berlin.de\/ba-treptow-koepenick\/aktuelles\/pressemitteilungen\/2023\/pressemitteilung.1333552.php\" target=\"_blank\" rel=\"noopener\"><img loading=\"lazy\" decoding=\"async\" src=\"https:\/\/www.berlin.de\/imgscaler\/pFVhkAurwhn5SDqQmwFR0g25D4VizxUHuaGGjhe7hIw\/rbig2zu1\/L3N5czExLXByb2QvYmEtdHJlcHRvdy1rb2VwZW5pY2svX2Fzc2V0cy9ha3R1ZWxsZXMvcG0vMjAyMy9pbWctMjAyMzA2MTItd2EwMDE3X2VkaXRfMjM2MDI3OTcwMTE3NTI1Ny5qcGc.jpg?ts=1686592808\" alt=\"\" width=\"468\" height=\"234\"><\/a><p class=\"wp-caption-text\"><a href=\"https:\/\/www.berlin.de\/ba-treptow-koepenick\/aktuelles\/pressemitteilungen\/2023\/pressemitteilung.1333552.php\" target=\"_blank\" rel=\"noopener\"><span style=\"font-size: 8pt;\">Bild: BA TREPTOW-K\u00d6PENICK<\/span><\/a><\/p><\/div>\n<p style=\"text-align: justify;\">Zum ersten Mal findet die weltweit gr\u00f6\u00dfte inklusive Sportveranstaltung f\u00fcr Menschen mit geistiger und mehrfacher Behinderung in Deutschland statt.<\/p>\n<p style=\"text-align: justify;\">Kurz vor dem Startschuss der Special Olympics World Games Berlin 2023 werden 7.000 Athlet*innen aus 190 L\u00e4ndern in ganz Deutschland empfangen.<\/p>\n<p style=\"text-align: justify;\">Der Bezirk Treptow-K\u00f6penick freut sich sehr, im Rahmen der Special Olympics World Games und in seiner Funktion als Host Town die ukrainische Delegation vom 12. bis 15. Juni willkommen zu hei\u00dfen.<\/p>\n<p style=\"text-align: justify;\">Die 20 Athletinnen und Athleten mit geistiger Einschr\u00e4nkung werden in den Sportarten Leichtathletik, Badminton, Basketball, Boccia, Kunstturnen, Schwimmen und Tischtennis bei den Wettbewerben in Berlin antreten.<\/p>\n<p style=\"text-align: justify;\">Heute Abend wird die ukrainische Delegation im Rahmen eines Begr\u00fc\u00dfungsabends in der Freiheit 15 offiziell von Bezirksb\u00fcrgermeister Oliver Igel begr\u00fc\u00dft.<\/p>\n<p style=\"text-align: justify;\">Ganz im Sinne des Slogans #ZusammenInklusiv werden wir der Delegation bei den letzten Vorbereitungen helfen und sie dabei unterst\u00fctzen, um bestens motiviert in die Wettk\u00e4mpfe zu starten. Mit unserem Begleitprogramm werden wir unseren G\u00e4sten unseren Bezirk zeigen, ihnen Trainingsm\u00f6glichkeiten bieten und sportlich aktiv sein. Ein Warm-up bevor dann die Special Olympics World Games am 17. Juni beginnen.<\/p>\n<p>Quelle: Bezirksamt Treptow-K\u00f6penick, <a href=\"https:\/\/www.berlin.de\/ba-treptow-koepenick\/aktuelles\/pressemitteilungen\/2023\/pressemitteilung.1333552.php\" target=\"_blank\" rel=\"noopener\">Pressemitteilung vom 12.06.2023<\/a><\/p>\n<p>&nbsp;<\/p>\n<p>&nbsp;<\/p>\n","protected":false},"excerpt":{"rendered":"<p>Zum ersten Mal findet die weltweit gr\u00f6\u00dfte inklusive Sportveranstaltung f\u00fcr Menschen mit geistiger und mehrfacher Behinderung in Deutschland statt. Kurz vor dem Startschuss der Special Olympics World Games Berlin 2023 [&#8230;]<\/p>\n","protected":false},"author":13,"featured_media":0,"comment_status":"closed","ping_status":"closed","sticky":false,"template":"","format":"standard","meta":{"ngg_post_thumbnail":0,"iawp_total_views":0,"footnotes":""},"categories":[177,343],"tags":[],"class_list":["post-42531","post","type-post","status-publish","format-standard","hentry","category-berlin","category-special-olympics-world-games"],"_links":{"self":[{"href":"https:\/\/iuzb.de\/index.php?rest_route=\/wp\/v2\/posts\/42531","targetHints":{"allow":["GET"]}}],"collection":[{"href":"https:\/\/iuzb.de\/index.php?rest_route=\/wp\/v2\/posts"}],"about":[{"href":"https:\/\/iuzb.de\/index.php?rest_route=\/wp\/v2\/types\/post"}],"author":[{"embeddable":true,"href":"https:\/\/iuzb.de\/index.php?rest_route=\/wp\/v2\/users\/13"}],"replies":[{"embeddable":true,"href":"https:\/\/iuzb.de\/index.php?rest_route=%2Fwp%2Fv2%2Fcomments&post=42531"}],"version-history":[{"count":5,"href":"https:\/\/iuzb.de\/index.php?rest_route=\/wp\/v2\/posts\/42531\/revisions"}],"predecessor-version":[{"id":42536,"href":"https:\/\/iuzb.de\/index.php?rest_route=\/wp\/v2\/posts\/42531\/revisions\/42536"}],"wp:attachment":[{"href":"https:\/\/iuzb.de\/index.php?rest_route=%2Fwp%2Fv2%2Fmedia&parent=42531"}],"wp:term":[{"taxonomy":"category","embeddable":true,"href":"https:\/\/iuzb.de\/index.php?rest_route=%2Fwp%2Fv2%2Fcategories&post=42531"},{"taxonomy":"post_tag","embeddable":true,"href":"https:\/\/iuzb.de\/index.php?rest_route=%2Fwp%2Fv2%2Ftags&post=42531"}],"curies":[{"name":"wp","href":"https:\/\/api.w.org\/{rel}","templated":true}]}}