{"id":42443,"date":"2023-06-10T16:19:00","date_gmt":"2023-06-10T14:19:00","guid":{"rendered":"https:\/\/iuzb.de\/?p=42443"},"modified":"2023-06-13T09:02:55","modified_gmt":"2023-06-13T07:02:55","slug":"zaek-berlin-erster-fortbildungskongress-dental-berlin-uebertrifft-alle-erwartungen","status":"publish","type":"post","link":"https:\/\/iuzb.de\/?p=42443","title":{"rendered":"Z\u00c4K Berlin: Erster Fortbildungskongress Dental Berlin \u00fcbertrifft alle Erwartungen"},"content":{"rendered":"<h6><span style=\"font-size: 14pt;\"><strong>Forderungen der Berliner Zahn\u00e4rzteschaft an die Politik<\/strong><\/span><\/h6>\n<p style=\"text-align: justify;\">\u00dcber 450 Teilnehmende begeisterten sich in der Classic Remise Berlin f\u00fcr die hochkar\u00e4tigen Referentinnen und Referenten der Dental Berlin am 9. und 10. Juni 2023. Damit hatte der neue Fortbildungskongress der Zahn\u00e4rztekammer (Z\u00c4K) Berlin mit Vortr\u00e4gen aus verschiedenen zahnmedizinischen Bereichen zum Thema<\/p>\n<p style=\"text-align: left;\"><strong>\u201eZukunft Zahnmedizin \u2013 Aus der Wissenschaft f\u00fcr die Praxis\u201c <\/strong><\/p>\n<p style=\"text-align: justify;\">seine erfolgreiche Premiere. \u00dcber die medizinischen Aspekte hinaus konnten die Teilnehmenden hilfreiche Tipps zur wirtschaftlichen Optimierung von Praxen sowie f\u00fcr eine smarte Kommunikation mit dem Patienten f\u00fcr ihren Praxisalltag mitnehmen. \u201eAus eigener Erfahrung wei\u00df ich, dass oft Zeit und Mu\u00dfe fehlen, sich neben dem Alltag auch noch auf den neuesten Stand der Wissenschaft zu bringen. Daher haben wir nicht nur einen wissenschaftlichen Blick in die Zukunft der Zahnmedizin geworfen, sondern haben das Kongressprogramm so effizient und praxisnah wie m\u00f6glich gestaltet und um den wirtschaftlichen Aspekt erweitert\u201c, so <strong><a href=\"https:\/\/www.zaek-berlin.de\/ueber-uns\/vorstand-geschaeftsfuehrung.html\" target=\"_blank\" rel=\"noopener\">Z\u00c4 Barbara Plaster<\/a>, Vizepr\u00e4sidentin der Z\u00c4K Berlin<\/strong>, zum neuen Kongress-Konzept. \u201eDenn viele von uns sp\u00fcren tagt\u00e4glich, wie schwierige wirtschaftliche und politische Rahmenbedingungen den Praxisbetrieb immer mehr belasten.\u201c<\/p>\n<p style=\"text-align: justify;\"><strong><a href=\"https:\/\/www.zaek-berlin.de\/ueber-uns\/vorstand-geschaeftsfuehrung.html\" target=\"_blank\" rel=\"noopener\">Dr. Karsten Heegewaldt<\/a>, Pr\u00e4sident der Z\u00c4K Berlin<\/strong>, erl\u00e4uterte in seinem Gru\u00dfwort die Forderungen der Berliner Zahn\u00e4rzteschaft an die Politik: \u201eDie aktuelle politische Situation l\u00e4sst unseren Kongress-Titel leider noch in einem anderen Licht erscheinen. Eine gute Zahnmedizin, eine exzellente zahnmedizinische Versorgung ist nach dem GKV-Finanzstabilisierungsgesetz alles andere als zukunftssicher. Die vom Bundesgesundheitsminister Lauterbach eingef\u00fchrte Budgetierung greift unsere Praxen und die Versorgung der Patienten frontal an. Uns werden die wirtschaftlichen Grundlagen unserer Praxen schrittweise entzogen.\u201c In Zeiten massiv steigender Preise, einer bedrohlich hohen Inflation, Lohnsteigerungen und immer weiter ausufernden, kostenintensiven Hygienevorschriften k\u00f6nne man nur feststellen, dass diese Politik die Gesundheit der Patienten gef\u00e4hrde und die Existenz von Zahn\u00e4rztinnen und Zahn\u00e4rzten aufs Spiel setze. \u201eDamit muss Schluss sein. Denn wir sind es, die unseren Patientinnen und Patienten ein gesundes Leben erm\u00f6glichen. Wir sorgen daf\u00fcr, dass die Menschen in Deutschland bis ins hohe Alter ihre gesunden Z\u00e4hne behalten\u201c, betonte Heegewaldt.<\/p>\n<p style=\"text-align: justify;\"><strong><a href=\"https:\/\/www.berlin.de\/sen\/wgp\/ueber-uns\/leitung\/lebenslauf.1160500.php\" target=\"_blank\" rel=\"noopener\">Dr. Ina Czyborra<\/a>, Senatorin f\u00fcr Wissenschaft, Gesundheit und Pflege<\/strong> des Landes Berlin, bedankte sich in ihrem digitalen Gru\u00dfwort bei den Berliner Zahn\u00e4rztinnen und Zahn\u00e4rzten und der Z\u00c4K Berlin f\u00fcr die Bereitschaft, sich im Rahmen des neuen Fortbildungskongresses auszutauschen und f\u00fcr den so wichtigen Wissenstransfer zu sorgen: &#8222;In diesem Jahr zeigt sich die traditionelle Veranstaltung in einem neuen Gesicht. Aber nicht nur \u00e4u\u00dferlich, auch inhaltlich steht der Blick nach vorne im Fokus. Die Auseinandersetzung mit neuen Wegen der Zahnmedizin wie zum Beispiel KI oder 3D-Druck ist elementar: f\u00fcr den wissenschaftlichen Diskurs, f\u00fcr Ihre tagt\u00e4gliche Arbeit und nat\u00fcrlich f\u00fcr die gesundheitliche Versorgung der Berlinerinnen und Berliner. Durch Ihren engagierten Einsatz der vergangenen Jahre und Jahrzehnte haben wir die Versorgungssituation im Land Berlin inzwischen auf einen guten Weg gebracht. Diesen Weg gehen wir gemeinsam mit Ihnen und Ihren Kolleginnen und Kollegen weiter.&#8220;<\/p>\n<p style=\"text-align: justify;\">Auch <strong><a href=\"https:\/\/www.bzaek.de\/ueber-uns\/organisationsstruktur\/vorstand.html\" target=\"_blank\" rel=\"noopener\">Prof. Dr. med. dent. Christoph Benz<\/a>, Pr\u00e4sident der Bundeszahn\u00e4rztekammer,<\/strong> und <strong><a href=\"https:\/\/www.kzv-berlin.de\/ueber-uns\/organe-und-struktur\/vorstand\" target=\"_blank\" rel=\"noopener\">ZA Karsten Geist<\/a>, Vorstandsvorsitzender der Kassenzahn\u00e4rztlichen Vereinigung Berlin<\/strong>, gingen in ihren Gru\u00dfworten auf die aktuell schwierigen Rahmenbedingungen und die sich daraus ergebenen Herausforderungen f\u00fcr die Zahnarztpraxen ein.<\/p>\n<p style=\"text-align: justify;\"><strong><a href=\"https:\/\/zahnerhaltung.charite.de\/metas\/person\/person\/address_detail\/univ_prof_dr_sebastian_paris-1\/\" target=\"_blank\" rel=\"noopener\">Prof. Dr. med. dent. Sebastian Paris<\/a>, Wissenschaftlicher Leiter des Charit\u00e9Centrums 3, Leiter der Abteilung f\u00fcr Zahnerhaltungskunde und Pr\u00e4ventivzahnmedizin der Charit\u00e9 Berlin<\/strong>, inspirierte und begeisterte die Teilnehmenden ebenso wie <strong><a href=\"https:\/\/de.wikipedia.org\/wiki\/Roland_Frankenberger\" target=\"_blank\" rel=\"noopener\">Prof. Dr. Roland Frankenberger<\/a>,<\/strong> <strong>Direktor der Poliklinik f\u00fcr Zahnerhaltung der Philipps-Universit\u00e4t Marburg und Universit\u00e4tsklinikum Gie\u00dfen und Marburg<\/strong>, mit ihren Impulsen zur Zukunft der Zahnmedizin.<\/p>\n<p style=\"text-align: justify;\">Referierende, Zahn\u00e4rztinnen und Zahn\u00e4rzte sowie die Aussteller der ausgebuchten Ausstellung lobten das au\u00dfergew\u00f6hnliche Ambiente des ehemaligen Stra\u00dfenbahndepots, das mit seinen kultigen Automobilen den Rahmen f\u00fcr den Kongress der Z\u00c4K Berlin bildete.<\/p>\n<p style=\"text-align: justify;\">Die n\u00e4chste Dental Berlin findet am 7. und 8. Juni 2024 statt: <a href=\"https:\/\/www.dentalberlin.de\/\" target=\"_blank\" rel=\"noopener\">www.dentalberlin.de<\/a><\/p>\n<p>Quelle: Zahn\u00e4rztekammer Berlin, Pressemitteilung vom 10.06.2023<\/p>\n<p>&nbsp;<\/p>\n<p>&nbsp;<\/p>\n","protected":false},"excerpt":{"rendered":"<p>Forderungen der Berliner Zahn\u00e4rzteschaft an die Politik \u00dcber 450 Teilnehmende begeisterten sich in der Classic Remise Berlin f\u00fcr die hochkar\u00e4tigen Referentinnen und Referenten der Dental Berlin am 9. und 10. [&#8230;]<\/p>\n","protected":false},"author":13,"featured_media":42187,"comment_status":"closed","ping_status":"closed","sticky":false,"template":"","format":"standard","meta":{"ngg_post_thumbnail":0,"iawp_total_views":0,"footnotes":""},"categories":[352,46],"tags":[],"class_list":["post-42443","post","type-post","status-publish","format-standard","has-post-thumbnail","hentry","category-dental-berlin","category-zahnaerztekammer-berlin"],"_links":{"self":[{"href":"https:\/\/iuzb.de\/index.php?rest_route=\/wp\/v2\/posts\/42443","targetHints":{"allow":["GET"]}}],"collection":[{"href":"https:\/\/iuzb.de\/index.php?rest_route=\/wp\/v2\/posts"}],"about":[{"href":"https:\/\/iuzb.de\/index.php?rest_route=\/wp\/v2\/types\/post"}],"author":[{"embeddable":true,"href":"https:\/\/iuzb.de\/index.php?rest_route=\/wp\/v2\/users\/13"}],"replies":[{"embeddable":true,"href":"https:\/\/iuzb.de\/index.php?rest_route=%2Fwp%2Fv2%2Fcomments&post=42443"}],"version-history":[{"count":17,"href":"https:\/\/iuzb.de\/index.php?rest_route=\/wp\/v2\/posts\/42443\/revisions"}],"predecessor-version":[{"id":42460,"href":"https:\/\/iuzb.de\/index.php?rest_route=\/wp\/v2\/posts\/42443\/revisions\/42460"}],"wp:featuredmedia":[{"embeddable":true,"href":"https:\/\/iuzb.de\/index.php?rest_route=\/wp\/v2\/media\/42187"}],"wp:attachment":[{"href":"https:\/\/iuzb.de\/index.php?rest_route=%2Fwp%2Fv2%2Fmedia&parent=42443"}],"wp:term":[{"taxonomy":"category","embeddable":true,"href":"https:\/\/iuzb.de\/index.php?rest_route=%2Fwp%2Fv2%2Fcategories&post=42443"},{"taxonomy":"post_tag","embeddable":true,"href":"https:\/\/iuzb.de\/index.php?rest_route=%2Fwp%2Fv2%2Ftags&post=42443"}],"curies":[{"name":"wp","href":"https:\/\/api.w.org\/{rel}","templated":true}]}}