{"id":42399,"date":"2023-06-07T13:13:24","date_gmt":"2023-06-07T11:13:24","guid":{"rendered":"https:\/\/iuzb.de\/?p=42399"},"modified":"2023-06-07T13:19:36","modified_gmt":"2023-06-07T11:19:36","slug":"17-06-2023-fackel-der-special-olympics-world-games-kommt-nach-berlin","status":"publish","type":"post","link":"https:\/\/iuzb.de\/?p=42399","title":{"rendered":"Fackel der Special Olympics World Games kommt am 17.06.2023 nach Berlin"},"content":{"rendered":"<p>&nbsp;<\/p>\n<ul>\n<li><span style=\"font-size: 14pt;\"><a href=\"https:\/\/www.berlin2023.org\/\" target=\"_blank\" rel=\"noopener\"><strong>Special Olympics World Games Berlin 2023<\/strong> <\/a><\/span><\/li>\n<li><span style=\"text-decoration: underline; font-size: 14pt;\"><strong>17. bis 25. Juni<\/strong><\/span><\/li>\n<\/ul>\n<p>&nbsp;<\/p>\n<div style=\"width: 396px\" class=\"wp-caption alignright\"><a href=\"https:\/\/www.berlin.de\/ba-charlottenburg-wilmersdorf\/aktuelles\/pressemitteilungen\/2023\/pressemitteilung.1330103.php\"><img loading=\"lazy\" decoding=\"async\" class=\"\" src=\"https:\/\/www.berlin.de\/imgscaler\/fjuZoVfy28tBojAgzg1dAHQ1F4XOYljZSmbd70mb6lc\/rbig2zu1\/L3N5czExLXByb2QvYmEtY2hhcmxvdHRlbmJ1cmctd2lsbWVyc2RvcmYvYWt0dWVsbGVzL3ByZXNzZW1pdHRlaWx1bmdlbi8yMDIzL2ZpdHRvc2l6ZV85ODBfNTUyXzRiYjE4MTUxZjAzNThmY2I2ZmJjY2JkMjI5MzBjZTdhX2ZhY2tlbC10aWxvLXdlaWRlbnNvaGxlci5qcGc.jpg?ts=1685605749\" width=\"386\" height=\"193\"><\/a><p class=\"wp-caption-text\">Foto: <a href=\"https:\/\/www.berlin.de\/ba-charlottenburg-wilmersdorf\/aktuelles\/pressemitteilungen\/2023\/pressemitteilung.1330103.php\" target=\"_blank\" rel=\"noopener\">PM Bez.A.C-W<\/a><\/p><\/div>\n<p style=\"text-align: justify;\">Die Flamme der Special Olympics World Games Berlin 2023 wird am <strong>Mittwoch, 7. Juni 2023<\/strong>, in Athen entz\u00fcndet und macht sich anschlie\u00dfend auf den Weg nach Berlin, als Austragungsort der diesj\u00e4hrigen Spiele.<\/p>\n<p style=\"text-align: justify;\">In Charlottenburg-Wilmersdorf wird die Flamme am Samstag, <strong>17. Juni 2023<\/strong>, am Breitscheidplatz und Kurf\u00fcrstendamm zu sehen sein, ehe sie dann bei der Er\u00f6ffnungsfeier im Berliner Olympiastadion entfacht wird.<\/p>\n<p style=\"text-align: justify;\">Sie wird von 100 internationalen L\u00e4ufer:innen, darunter Special Olympics Athlet:innen und Polizist:innen, begleitet. In Deutschland wird die Special Olympics Flamme, Flame of Hope, erstmals am Mittwoch, 14. Juni 2023, auf der Fackel entz\u00fcndet. Danach startet der offizielle Fackellauf durch die Gastgeber-Kommunen der internationalen Delegationen in Berlin und Brandenburg.<\/p>\n<p style=\"text-align: justify;\"><strong>Die Fackel wurde extra f\u00fcr die Special Olympics World Games in Berlin angefertigt und ist ein Unikat. Das Design der Fackel enth\u00e4lt die Elemente des Weltspiele-Logos wie den Berliner B\u00e4ren, Brandenburger Tor, Fernsehturm und das Herz.<\/strong><\/p>\n<p style=\"text-align: justify;\">Am Dienstag, 13. Juni 2023, einen Tag vor dem Start des Fackellaufs, findet der deutschlandweite Inklusionstag im Rahmen der Weltspiele statt. Dieser Tag wird von mehr als 100 Gastgeber-St\u00e4dten genutzt, um lokale L\u00e4ufe mit einer eigens gestalteten Fackel oder andere inklusive Events durchzuf\u00fchren. Damit schaffen die Kommunen in ganz Deutschland Bewusstsein f\u00fcr die Special Olympics-Bewegung und setzen regional ein Zeichen f\u00fcr Inklusion.<\/p>\n<p style=\"text-align: justify;\">Weitere Infos zum Fackellauf finden sich hier:<\/p>\n<ul>\n<li style=\"text-align: justify;\"><a href=\"https:\/\/www.berlin2023.org\/de\/besuche-die-spiele\/fackellauf\" target=\"_blank\" rel=\"noopener\">https:\/\/www.berlin2023.org\/de\/besuche-die-spiele\/fackellauf<\/a><\/li>\n<\/ul>\n<p>&nbsp;<\/p>\n<p>Quelle: Bezirksamt Charlottenburg-Wilmersdorf, <a href=\"https:\/\/www.berlin.de\/ba-charlottenburg-wilmersdorf\/aktuelles\/pressemitteilungen\/2023\/pressemitteilung.1330103.php\" target=\"_blank\" rel=\"noopener\">Pressemitteilung vom 01.06.2023<\/a><\/p>\n<p>&nbsp;<\/p>\n","protected":false},"excerpt":{"rendered":"<p>&nbsp; Special Olympics World Games Berlin 2023 17. bis 25. Juni &nbsp; Die Flamme der Special Olympics World Games Berlin 2023 wird am Mittwoch, 7. Juni 2023, in Athen entz\u00fcndet [&#8230;]<\/p>\n","protected":false},"author":13,"featured_media":0,"comment_status":"closed","ping_status":"closed","sticky":false,"template":"","format":"standard","meta":{"ngg_post_thumbnail":0,"iawp_total_views":1,"footnotes":""},"categories":[343],"tags":[],"class_list":["post-42399","post","type-post","status-publish","format-standard","hentry","category-special-olympics-world-games"],"_links":{"self":[{"href":"https:\/\/iuzb.de\/index.php?rest_route=\/wp\/v2\/posts\/42399","targetHints":{"allow":["GET"]}}],"collection":[{"href":"https:\/\/iuzb.de\/index.php?rest_route=\/wp\/v2\/posts"}],"about":[{"href":"https:\/\/iuzb.de\/index.php?rest_route=\/wp\/v2\/types\/post"}],"author":[{"embeddable":true,"href":"https:\/\/iuzb.de\/index.php?rest_route=\/wp\/v2\/users\/13"}],"replies":[{"embeddable":true,"href":"https:\/\/iuzb.de\/index.php?rest_route=%2Fwp%2Fv2%2Fcomments&post=42399"}],"version-history":[{"count":10,"href":"https:\/\/iuzb.de\/index.php?rest_route=\/wp\/v2\/posts\/42399\/revisions"}],"predecessor-version":[{"id":42409,"href":"https:\/\/iuzb.de\/index.php?rest_route=\/wp\/v2\/posts\/42399\/revisions\/42409"}],"wp:attachment":[{"href":"https:\/\/iuzb.de\/index.php?rest_route=%2Fwp%2Fv2%2Fmedia&parent=42399"}],"wp:term":[{"taxonomy":"category","embeddable":true,"href":"https:\/\/iuzb.de\/index.php?rest_route=%2Fwp%2Fv2%2Fcategories&post=42399"},{"taxonomy":"post_tag","embeddable":true,"href":"https:\/\/iuzb.de\/index.php?rest_route=%2Fwp%2Fv2%2Ftags&post=42399"}],"curies":[{"name":"wp","href":"https:\/\/api.w.org\/{rel}","templated":true}]}}