{"id":42385,"date":"2023-06-06T14:21:34","date_gmt":"2023-06-06T12:21:34","guid":{"rendered":"https:\/\/iuzb.de\/?p=42385"},"modified":"2023-06-06T14:29:27","modified_gmt":"2023-06-06T12:29:27","slug":"fvdz-nrw-das-mass-ist-voll","status":"publish","type":"post","link":"https:\/\/iuzb.de\/?p=42385","title":{"rendered":"FVDZ NRW: Das Ma\u00df ist voll!!"},"content":{"rendered":"<p>Quelle: <a href=\"https:\/\/www.fvdznr.de\/files\/dokumente\/Das%20Ma%C3%9F%20ist%20voll.pdf\" target=\"_blank\" rel=\"noopener\">Flyer FVDZ NRW (pdf)<\/a><\/p>\n<p>Sehr geehrte Kolleginnen, sehr geehrte Kollegen,<\/p>\n<p>die Zahn\u00e4rzte in NRW warnen vor den Auswirkungen des GKV-Finanzstabilisierungsgesetzes<br \/>\nauf die Patientinnenn und Patienten in Deutschland. Die erst 2021 gemeinsam<br \/>\nmit Krankenkassen, Zahn\u00e4rzteschaft, Patientenvertretern und Fachgesellschaften<br \/>\nbeschlossene moderne PAR-Behandlungsstrecke wird mit diesem Gesetz quasi<br \/>\nabgeschaft.<\/p>\n<p>Zus\u00e4tzlich haben wir u.a. zu k\u00e4mpfen gegen<br \/>\n&#8211; den Fachkr\u00e4ftemangel<br \/>\n&#8211; die Inflation<br \/>\n&#8211; den GOZ-Stillstand<br \/>\n&#8211; die Budgetierung und damit einhergehenden Leistungsk\u00fcrzungen.<\/p>\n<p>Es reicht!<br \/>\nWir gehen auf die Stra\u00dfe!<br \/>\nSeien Sie mit Ihren Mitarbeiterinnen auch dabei, protestieren Sie mit uns!!<br \/>\nWann? 14.06.2023 um 11:00 Uhr<br \/>\nWo? Roncalliplatz (am K\u00f6lner Dom)<br \/>\nAnmeldungen unter<\/p>\n<ul>\n<li><a href=\"https:\/\/www.fvdz.de\/protest-in-nordrhein\" target=\"_blank\" rel=\"noopener\">https:\/\/www.fvdz.de\/protest-in-nordrhein<\/a><\/li>\n<\/ul>\n<p>Folgende hochkar\u00e4tige Redner werden in K\u00f6ln auf der B\u00fchne stehen:<\/p>\n<ul>\n<li>Bernd Petelkau &#8211; CDU \u2013 Fraktionsvorsitzender Stadt K\u00f6ln<\/li>\n<li>ZA Martin Hendges &#8211; <a href=\"https:\/\/www.kzbv.de\/vorstand.356.de.html\" target=\"_blank\" rel=\"noopener\">(Stellv.) Vorsitzender des Vorstandes der KZBV<\/a><\/li>\n<li>Prof. Dr. Christoph Benz &#8211; <a href=\"https:\/\/www.bzaek.de\/ueber-uns\/organisationsstruktur\/vorstand.html\" target=\"_blank\" rel=\"noopener\">Pr\u00e4sident der Bundeszahn\u00e4rztekammer<\/a><\/li>\n<li>Sylvia Gabel &#8211; <a href=\"https:\/\/www.vmf-online.de\/verband\/verbandsstruktur\/gremium-erw-buvo\" target=\"_blank\" rel=\"noopener\">Verband Medizinischer Fachberufe e.V.<\/a><\/li>\n<li>ZA Andreas Kruschwitz &#8211; <a href=\"https:\/\/www.kzvnr.de\/ueber-uns\/vorstand\/\" target=\"_blank\" rel=\"noopener\">Vorsitzender des Vorstandes der KZV NR<\/a><\/li>\n<li>Dr. Ralf Hausweiler &#8211; <a href=\"https:\/\/www.zahnaerztekammernordrhein.de\/ueber-die-zaek\/vorstand\/\" target=\"_blank\" rel=\"noopener\">Pr\u00e4sident der Zahn\u00e4rztekammer Nordrhein<\/a><\/li>\n<\/ul>\n<p>_____________<\/p>\n<p>Siehe auch:<\/p>\n<ul>\n<li>DZW, 05.06.2023: <a href=\"https:\/\/dzw.de\/protestaktion-der-praxisteams-geht-weiter?utm_source=CleverReach&amp;utm_medium=email&amp;utm_campaign=DZW_NL_KW_23-23&amp;utm_content=Mailing_8145471\" target=\"_blank\" rel=\"noopener\">Protestaktion der Praxisteams geht weiter<\/a><\/li>\n<\/ul>\n","protected":false},"excerpt":{"rendered":"<p>Quelle: Flyer FVDZ NRW (pdf) Sehr geehrte Kolleginnen, sehr geehrte Kollegen, die Zahn\u00e4rzte in NRW warnen vor den Auswirkungen des GKV-Finanzstabilisierungsgesetzes auf die Patientinnenn und Patienten in Deutschland. Die erst [&#8230;]<\/p>\n","protected":false},"author":13,"featured_media":0,"comment_status":"closed","ping_status":"closed","sticky":false,"template":"","format":"standard","meta":{"ngg_post_thumbnail":0,"iawp_total_views":0,"footnotes":""},"categories":[140,325],"tags":[],"class_list":["post-42385","post","type-post","status-publish","format-standard","hentry","category-fvdz","category-gkv-finanzstabilisierungsgesetz-2022-23"],"_links":{"self":[{"href":"https:\/\/iuzb.de\/index.php?rest_route=\/wp\/v2\/posts\/42385","targetHints":{"allow":["GET"]}}],"collection":[{"href":"https:\/\/iuzb.de\/index.php?rest_route=\/wp\/v2\/posts"}],"about":[{"href":"https:\/\/iuzb.de\/index.php?rest_route=\/wp\/v2\/types\/post"}],"author":[{"embeddable":true,"href":"https:\/\/iuzb.de\/index.php?rest_route=\/wp\/v2\/users\/13"}],"replies":[{"embeddable":true,"href":"https:\/\/iuzb.de\/index.php?rest_route=%2Fwp%2Fv2%2Fcomments&post=42385"}],"version-history":[{"count":5,"href":"https:\/\/iuzb.de\/index.php?rest_route=\/wp\/v2\/posts\/42385\/revisions"}],"predecessor-version":[{"id":42390,"href":"https:\/\/iuzb.de\/index.php?rest_route=\/wp\/v2\/posts\/42385\/revisions\/42390"}],"wp:attachment":[{"href":"https:\/\/iuzb.de\/index.php?rest_route=%2Fwp%2Fv2%2Fmedia&parent=42385"}],"wp:term":[{"taxonomy":"category","embeddable":true,"href":"https:\/\/iuzb.de\/index.php?rest_route=%2Fwp%2Fv2%2Fcategories&post=42385"},{"taxonomy":"post_tag","embeddable":true,"href":"https:\/\/iuzb.de\/index.php?rest_route=%2Fwp%2Fv2%2Ftags&post=42385"}],"curies":[{"name":"wp","href":"https:\/\/api.w.org\/{rel}","templated":true}]}}