{"id":42377,"date":"2023-06-06T11:59:02","date_gmt":"2023-06-06T09:59:02","guid":{"rendered":"https:\/\/iuzb.de\/?p=42377"},"modified":"2023-06-06T12:03:25","modified_gmt":"2023-06-06T10:03:25","slug":"vmf-zur-ablehnung-der-staerkung-des-zahntechnikerhandwerks-ampel-treibt-zwei-klassen-medizin-voran","status":"publish","type":"post","link":"https:\/\/iuzb.de\/?p=42377","title":{"rendered":"VmF: Zur Ablehnung der St\u00e4rkung des Zahntechnikerhandwerks: Ampel treibt Zwei-Klassen-Medizin voran"},"content":{"rendered":"<p style=\"text-align: justify;\">Zur Ablehnung des Antrages der Fraktion CDU\/CSU \u201eZahntechnikerhandwerk in Deutschland zur Sicherstellung der Patientinnen- und Patientenversorgung unterst\u00fctzen und zukunftsfest machen\u201c (<a href=\"https:\/\/dserver.bundestag.de\/btd\/20\/048\/2004884.pdf\" target=\"_blank\" rel=\"noopener\">BT-Drucksache 20\/4884<\/a>) durch die Ampelkoalition erkl\u00e4ren die Pr\u00e4sidentin und die Referatsleiterin Zahntechnik im Verband medizinischer Fachberufe e.V., Hannelore K\u00f6nig und Karola Will:<\/p>\n<p style=\"text-align: justify;\">\u201eWir sind entsetzt \u00fcber die Ignoranz der Ampel-Koalition. Damit bleibt die Preis- und Lohnentwicklung im Zahntechnikerhandwerk weiterhin von der wirtschaftlichen Entwicklung abgekoppelt. Laut Koalitionsvereinbarung will die Bundesregierung als B\u00fcndnis f\u00fcr Freiheit, Gerechtigkeit und Nachhaltigkeit mehr Fortschritt wagen. Diese Entscheidung ist das Gegenteil. Sie schr\u00e4nkt die freiheitliche wirtschaftliche Entwicklung in der Zahntechnik ein, sie ist weder gerecht noch nachhaltig. Dar\u00fcber hinaus gef\u00e4hrdet sie die Versorgung der Patientinnen und Patienten mit Zahnersatz und dessen Instandsetzung insbesondere im l\u00e4ndlichen Raum.<\/p>\n<p style=\"text-align: justify;\">Statt Ma\u00dfnahmen zur Fachkr\u00e4ftesicherung gegen den Personalmangel \u2013 wie im Koalitionsvertrag beschlossen &#8211; zu ergreifen, treibt sie Zahntechniker*innen in andere Branchen. Schon jetzt gef\u00e4hrdet der Personalmangel im Zahntechnikerhandwerk die Qualit\u00e4t der Gesundheit in Deutschland.<\/p>\n<p style=\"text-align: justify;\">Das mittlere Bruttoentgelt in Vollzeit liegt f\u00fcr die hoch qualifizierten Fachkr\u00e4fte in der Zahntechnik mit 2.735 Euro (2021) nur knapp \u00fcber der Niedriglohnschwelle und f\u00fchrt somit geradeaus in die Altersarmut. Damit ist die Entscheidung der Koalitionsparteien ein Affront gegen das Zahntechnikerhandwerk und f\u00fchrt jegliche Fachkr\u00e4ftestrategie ad absurdum.<\/p>\n<p style=\"text-align: justify;\">Begr\u00fcndet wurde die Ablehnung haupts\u00e4chlich damit, dass der Antrag der CDU\/CSU-Fraktion keine Vorschl\u00e4ge zur Refinanzierung der zus\u00e4tzlichen Kosten enthalten habe. Uns ist bewusst, dass die Kosten der Gesetzlichen Krankenversicherung (GKV) konsolidiert werden m\u00fcssen, doch Zahnersatz betrifft 1,5 Prozent der Gesamtausgaben (Stand 2021).<\/p>\n<p style=\"text-align: justify;\">Um die Finanzlage der GKV zu stabilisieren, m\u00fcssen weitreichendere Ma\u00dfnahmen ergriffen werden, wie die Anhebung des Bundeszuschusses an den Gesundheitsfonds zur vollst\u00e4ndigen Refinanzierung aller versicherungsfremden Leistungen in der GKV. Laut einer Studie der BKV e.V. w\u00fcrde allein diese Ma\u00dfnahme bis zu 42 Mrd. Euro Entlastung j\u00e4hrlich bringen.<\/p>\n<p style=\"text-align: justify;\">W\u00e4hrend in der Ablehnungsbegr\u00fcndung der Ampel die Fraktionen von B\u00dcNDNIS 90\/DIE GR\u00dcNEN und FDP noch Verst\u00e4ndnis und Wertsch\u00e4tzung f\u00fcr das Zahntechnikerhandwerk zum Ausdruck bringen, zeigt die Fraktion SPD v\u00f6llige Ignoranz und wenig Sachverstand. Sie sieht vielmehr ein ernsthaftes Zukunftsproblem f\u00fcr das Zahntechnikhandwerk, falls es vers\u00e4umt werde, sich mit dem technischen Fortschritt wie 3D-Druck und K\u00fcnstliche Intelligenz auseinanderzusetzen. Was das Zahntechnikerhandwerk diesbez\u00fcglich bereits geleistet hat, wird dabei v\u00f6llig vergessen. Au\u00dferdem bietet das Abrechnungs-Regelwerk mit den Krankenkassen keine direkte Ber\u00fccksichtigung digitaler Techniken an. So ist einerseits offen, wie hoch der Digitalisierungsgrad tats\u00e4chlich ist. Andererseits k\u00f6nnen sich vor allem kleinere Dentallabore in Regionen mit geringer Kaufkraft digitale Investitionen aufgrund der festgelegten Preisentwicklung viel weniger leisten.<\/p>\n<p style=\"text-align: justify;\">Der Umgang der Koalitionsparteien mit dem Gesundheitshandwerk Zahntechnik wird sich unmittelbar auf die Versorgung der Patientinnen und Patienten auswirken und an ihren Z\u00e4hnen deutlich sichtbar sein. Damit treibt diese Politik die Gesundheitsversorgung weiter in eine Zwei-Klassen-Medizin.\u201c<\/p>\n<ul>\n<li style=\"text-align: justify;\"><a href=\"https:\/\/dserver.bundestag.de\/btd\/20\/069\/2006993.pdf\" target=\"_blank\" rel=\"noopener\">Link zur Beschlussempfehlung (BT 20\/6993)<\/a><\/li>\n<\/ul>\n<p><strong>Gleichzeitig m\u00f6chten wir Sie an unsere aktuellen Umfragen unter ZFA und ZT erinnern<\/strong> und w\u00fcrden uns auch hier freuen, wenn Sie die Meldungen dazu ver\u00f6ffentlichen. Informationen dazu finden sie hier:<\/p>\n<ul>\n<li><a href=\"https:\/\/www.vmf-online.de\/2023-05-31-umfrage-zt\" target=\"_blank\" rel=\"noopener\">https:\/\/www.vmf-online.de\/2023-05-31-umfrage-zt<\/a><\/li>\n<li><a href=\"https:\/\/www.vmf-online.de\/2023-06-02-zfa-umfrage\" target=\"_blank\" rel=\"noopener\">https:\/\/www.vmf-online.de\/2023-06-02-zfa-umfrage<\/a><\/li>\n<\/ul>\n<p>Quelle: Verband medizinischer Fachberufe e.V., Pressemitteilung vom 06.06.2023<\/p>\n","protected":false},"excerpt":{"rendered":"<p>Zur Ablehnung des Antrages der Fraktion CDU\/CSU \u201eZahntechnikerhandwerk in Deutschland zur Sicherstellung der Patientinnen- und Patientenversorgung unterst\u00fctzen und zukunftsfest machen\u201c (BT-Drucksache 20\/4884) durch die Ampelkoalition erkl\u00e4ren die Pr\u00e4sidentin und die [&#8230;]<\/p>\n","protected":false},"author":13,"featured_media":0,"comment_status":"closed","ping_status":"closed","sticky":false,"template":"","format":"standard","meta":{"ngg_post_thumbnail":0,"iawp_total_views":0,"footnotes":""},"categories":[268],"tags":[],"class_list":["post-42377","post","type-post","status-publish","format-standard","hentry","category-vmf"],"_links":{"self":[{"href":"https:\/\/iuzb.de\/index.php?rest_route=\/wp\/v2\/posts\/42377","targetHints":{"allow":["GET"]}}],"collection":[{"href":"https:\/\/iuzb.de\/index.php?rest_route=\/wp\/v2\/posts"}],"about":[{"href":"https:\/\/iuzb.de\/index.php?rest_route=\/wp\/v2\/types\/post"}],"author":[{"embeddable":true,"href":"https:\/\/iuzb.de\/index.php?rest_route=\/wp\/v2\/users\/13"}],"replies":[{"embeddable":true,"href":"https:\/\/iuzb.de\/index.php?rest_route=%2Fwp%2Fv2%2Fcomments&post=42377"}],"version-history":[{"count":7,"href":"https:\/\/iuzb.de\/index.php?rest_route=\/wp\/v2\/posts\/42377\/revisions"}],"predecessor-version":[{"id":42384,"href":"https:\/\/iuzb.de\/index.php?rest_route=\/wp\/v2\/posts\/42377\/revisions\/42384"}],"wp:attachment":[{"href":"https:\/\/iuzb.de\/index.php?rest_route=%2Fwp%2Fv2%2Fmedia&parent=42377"}],"wp:term":[{"taxonomy":"category","embeddable":true,"href":"https:\/\/iuzb.de\/index.php?rest_route=%2Fwp%2Fv2%2Fcategories&post=42377"},{"taxonomy":"post_tag","embeddable":true,"href":"https:\/\/iuzb.de\/index.php?rest_route=%2Fwp%2Fv2%2Ftags&post=42377"}],"curies":[{"name":"wp","href":"https:\/\/api.w.org\/{rel}","templated":true}]}}